{"provider_url": "https://www.pintobandeira.rs.leg.br", "title": "Lei Org\u00e2nica Municipal", "html": "<p class=\" \">\u00a0</p>\r\n<p align=\"center\" class=\" \"><b><span>I N D I C E</span></b></p>\r\n<p align=\"center\" class=\" \">\u00a0</p>\r\n<p align=\"center\" class=\" \">T\u00cdTULO I</p>\r\n<p class=\" \" style=\"text-align: center; \"><strong>DA ORGANIZA\u00c7\u00c3O MUNICIPAL</strong></p>\r\n<p class=\" \">CAP\u00cdTULO I -\u00a0<span>Disposi\u00e7\u00f5es Preliminares (arts. 1\u00ba a 5\u00ba)</span></p>\r\n<p class=\" \"><span>CAP\u00cdTULO II -\u00a0</span><span>Da Compet\u00eancia (arts. 6\u00ba a 8\u00ba)</span></p>\r\n<p class=\" \"><span>CAP\u00cdTULO III -\u00a0</span><span>Do Poder Legislativo (arts. 9\u00ba a 20)</span></p>\r\n<p class=\" \" style=\"padding-left: 30px; \"><span>SE\u00c7\u00c3O I -\u00a0</span><span>Disposi\u00e7\u00f5es Gerais (arts. 9\u00ba a 20)</span></p>\r\n<p class=\" \" style=\"padding-left: 30px; \">SE\u00c7\u00c3O II -\u00a0<span>Dos Vereadores (arts. 21 a 28)</span></p>\r\n<p class=\" \" style=\"padding-left: 30px; \"><span>SE\u00c7\u00c3O III -\u00a0</span><span>Das Atribui\u00e7\u00f5es da C\u00e2mara dos Vereadores (arts. 29 e 30)</span></p>\r\n<p class=\" \" style=\"padding-left: 30px; \"><span>SE\u00c7\u00c3O IV -\u00a0</span><span>Da Comiss\u00e3o Representativa (arts. 31 a 33)</span></p>\r\n<p class=\" \" style=\"padding-left: 30px; \"><span>SE\u00c7\u00c3O V -\u00a0</span><span>Das Leis e do Processo Legislativo (arts. 34 a 46)</span></p>\r\n<p class=\" \"><span>CAP\u00cdTULO IV -\u00a0</span><span>Do Poder Executivo (arts. 47 a 51)</span></p>\r\n<p class=\" \" style=\"padding-left: 30px; \"><span>SE\u00c7\u00c3O I -\u00a0</span><span>Do Prefeito e do Vice-Prefeito (arts. 47 a 51)</span></p>\r\n<p class=\" \" style=\"padding-left: 30px; \"><span>SE\u00c7\u00c3O II -\u00a0</span><span>Das Atribui\u00e7\u00f5es do Prefeito (arts. 52 a 54)</span></p>\r\n<p class=\" \" style=\"padding-left: 30px; \"><span>SE\u00c7\u00c3O III -\u00a0</span><span>Da Responsabilidade e Infra\u00e7\u00f5es Pol\u00edtico-Administrativas do Prefeito e do Vice-Prefeito (arts. 55 a 58)</span><span>\u00a0</span></p>\r\n<p align=\"center\" class=\" \" style=\"padding-left: 30px; \">\u00a0</p>\r\n<p align=\"center\" class=\" \" style=\"padding-left: 30px; \">T\u00cdTULO II</p>\r\n<p align=\"center\" class=\" \"><strong>DA ADMINISTRA\u00c7\u00c3O E DOS SERVIDORES MUNICIPAIS</strong></p>\r\n<p align=\"center\" class=\" \" style=\"text-align: left; \"><span>CAP\u00cdTULO I -\u00a0</span><span>Da Administra\u00e7\u00e3o Municipal (art. 59)</span></p>\r\n<p class=\" \"><span>CAP\u00cdTULO II -\u00a0</span><span>Dos Servidores Municipais (arts. 60 a 63)</span></p>\r\n<p class=\" \" style=\"padding-left: 30px; \"><span>SE\u00c7\u00c3O I -\u00a0</span><span>Dos Servidores (arts. 60 a 63)</span></p>\r\n<p class=\" \" style=\"padding-left: 30px; \"><span>SE\u00c7\u00c3O II -\u00a0</span><span>Dos Secret\u00e1rios do Munic\u00edpio (arts. 64 e 65)</span></p>\r\n<p class=\" \"><span>CAP\u00cdTULO III -\u00a0</span><span>Das Leis Or\u00e7ament\u00e1rias (arts. 66 a 76)</span></p>\r\n<p class=\" \"><span></span><span>\u00a0</span></p>\r\n<p align=\"center\" class=\" \">T\u00cdTULO III</p>\r\n<p align=\"center\" class=\" \"><strong>DA ORDEM ECON\u00d4MICA E SOCIAL</strong></p>\r\n<p align=\"center\" class=\" \" style=\"text-align: left; \"><strong></strong><span>CAP\u00cdTULO I -\u00a0</span><span>Dos Programas de Desenvolvimento e Obras (arts. 77 a 83)</span></p>\r\n<p class=\" \"><span>CAP\u00cdTULO II -\u00a0</span><span>Da Sa\u00fade e Assist\u00eancia Social (arts. 84 a 85)</span></p>\r\n<p class=\" \"><span>CAP\u00cdTULO III -\u00a0</span><span>Da Educa\u00e7\u00e3o e Cultura (arts. 86 a 88)</span></p>\r\n<p class=\" \"><span>CAP\u00cdTULO IV -\u00a0</span><span>Dos Esportes e Lazer (arts. 89 a 93)</span></p>\r\n<p class=\" \"><span><span>CAP\u00cdTULO V -\u00a0</span><span>Dos Servi\u00e7os Municipais (arts. 93-A a 93-E)</span></span></p>\r\n<p align=\"center\" class=\" \">T\u00cdTULO IV</p>\r\n<p class=\" \" style=\"text-align: center; \"><strong>DAS DISPOSI\u00c7\u00d5ES TRANSIT\u00d3RIAS</strong> (art. 94)</p>\r\n<p>\u00a0</p>\r\n<p class=\" \"><span>\u00a0</span></p>\r\n<p class=\" \"><span><br /></span></p>\r\n<p class=\" \" style=\"text-align: center; \"><strong>C\u00c2MARA MUNICIPAL DE VEREADORES DE PINTO BANDEIRA \u2013 RS</strong></p>\r\n<p class=\" \" style=\"text-align: center; \"><strong>\u00a0</strong></p>\r\n<p class=\" \" style=\"text-align: center; \">\u00a0<strong>RESOLU\u00c7\u00c3O N\u00ba. 001/2013, DE 15 DE JANEIRO DE 2013.</strong></p>\r\n<p class=\" \" style=\"text-align: center; \"><strong>\u00a0DISP\u00d5E SOBRE A LEI ORG\u00c2NICA DO MUNIC\u00cdPIO DE PINTO BANDEIRA.</strong></p>\r\n<p class=\" \">\u00a0</p>\r\n<p class=\" \">\u00a0</p>\r\n<p class=\" \" style=\"text-align: justify; \">A MESA DIRETORA DA C\u00c2MARA MUNICIPAL DE VEREADORES DE PINTO BANDEIRA, usando as atribui\u00e7\u00f5es que lhe confere a Lei e tendo em vista a aprova\u00e7\u00e3o un\u00e2nime dos Senhores Vereadores, em Sess\u00e3o realizada no dia 14 de janeiro de 2013, promulga a seguinte RESOLU\u00c7\u00c3O:</p>\r\n<p class=\" \">\u00a0</p>\r\n<p class=\" \" style=\"text-align: center; \"><span>T\u00cdTULO I</span></p>\r\n<p class=\" \" style=\"text-align: center; \"><strong>DA ORGANIZA\u00c7\u00c3O MUNICIPAL</strong></p>\r\n<p class=\" \" style=\"text-align: center; \">\u00a0</p>\r\n<p class=\" \" style=\"text-align: center; \">CAP\u00cdTULO I</p>\r\n<p class=\" \" style=\"text-align: center; \"><strong>DISPOSI\u00c7\u00d5ES PRELIMINARES</strong></p>\r\n<p class=\" \"><b>\u00a0\u00a0\u00a0\u00a0\u00a0\u00a0\u00a0\u00a0\u00a0\u00a0\u00a0\u00a0\u00a0\u00a0\u00a0\u00a0\u00a0\u00a0\u00a0\u00a0\u00a0\u00a0\u00a0\u00a0\u00a0\u00a0\u00a0\u00a0\u00a0\u00a0\u00a0\u00a0\u00a0\u00a0\u00a0\u00a0\u00a0\u00a0\u00a0\u00a0\u00a0\u00a0\u00a0\u00a0\u00a0\u00a0\u00a0 </b></p>\r\n<p class=\" \" style=\"text-align: justify; \"><b>Art. 1\u00ba</b> O Munic\u00edpio de Pinto Bandeira parte integrante da Rep\u00fablica Federativa do Brasil e do Estado do Rio Grande do Sul, organiza-se, autonomamente, em tudo que respeite ao interesse local, regendo-se por esta Lei Org\u00e2nica e demais leis que adotar, respeitados os princ\u00edpios estabelecidos na Constitui\u00e7\u00e3o Federal e na do Estado do Rio Grande do Sul.</p>\r\n<p class=\" \" style=\"text-align: justify; \">\u00a0</p>\r\n<p class=\" \" style=\"text-align: justify; \"><b>Art. 2\u00ba</b> S\u00e3o poderes do Munic\u00edpio, independentes e harmoniosos entre si, o Legislativo e o Executivo.</p>\r\n<p class=\" \" style=\"padding-left: 30px; text-align: justify; \"><span><strong>\u00a7 1\u00ba</strong> \u00c9 vedada a delega\u00e7\u00e3o de atribui\u00e7\u00f5es entre os poderes.</span></p>\r\n<p class=\" \" style=\"padding-left: 30px; text-align: justify; \"><span><strong>\u00a7 2\u00ba</strong> O cidad\u00e3o investido na fun\u00e7\u00e3o de um deles n\u00e3o poder\u00e1 exercer a de outro.</span></p>\r\n<p class=\" \" style=\"text-align: justify; \">\u00a0</p>\r\n<p class=\" \" style=\"text-align: justify; \"><b>Art. 3\u00ba</b> \u00c9 mantido o atual territ\u00f3rio do Munic\u00edpio, cujos limites s\u00f3 poder\u00e3o ser alterados nos termos da Legisla\u00e7\u00e3o Estadual.</p>\r\n<p class=\" \" style=\"text-align: justify; \">\u00a0</p>\r\n<p class=\" \" style=\"text-align: justify; \"><b>Art. 4\u00ba</b> Os s\u00edmbolos do Munic\u00edpio ser\u00e3o estabelecidos em lei.</p>\r\n<p class=\" \" style=\"text-align: justify; \">\u00a0</p>\r\n<p class=\" \" style=\"text-align: justify; \"><b>Art. 5\u00ba</b> A autonomia do Munic\u00edpio se expressa:</p>\r\n<p class=\" \" style=\"padding-left: 30px; text-align: justify; \">I \u2013 pela elei\u00e7\u00e3o direta dos Vereadores, Prefeito e Vice-Prefeito;</p>\r\n<p class=\" \" style=\"padding-left: 30px; text-align: justify; \">II \u2013 pela administra\u00e7\u00e3o pr\u00f3pria no que respeite ao interesse local;</p>\r\n<p class=\" \" style=\"padding-left: 30px; text-align: justify; \">III \u2013 pela ado\u00e7\u00e3o de legisla\u00e7\u00e3o pr\u00f3pria.<b></b></p>\r\n<p align=\"center\" class=\" \" style=\"padding-left: 30px; text-align: justify; \"><b>\u00a0</b></p>\r\n<p align=\"center\" class=\" \">\u00a0CAP\u00cdTULO II</p>\r\n<p align=\"center\" class=\" \"><b>DA COMPET\u00caNCIA</b></p>\r\n<p align=\"center\" class=\" \"><b>\u00a0</b></p>\r\n<p class=\" \" style=\"text-align: justify; \"><b>Art. 6\u00ba</b> A compet\u00eancia legislativa e administrativa do Munic\u00edpio, estabelecida nas Constitui\u00e7\u00f5es Federal e Estadual, ser\u00e1 exercida na forma disciplinada nas leis e regulamentos municipais.</p>\r\n<p class=\" \" style=\"text-align: justify; \">\u00a0</p>\r\n<p class=\" \" style=\"text-align: justify; \"><b>Art. 7\u00ba</b> A presta\u00e7\u00e3o de servi\u00e7os p\u00fablicos se dar\u00e1 pela administra\u00e7\u00e3o direta, indireta, por delega\u00e7\u00f5es, conv\u00eanios e cons\u00f3rcios.</p>\r\n<p class=\" \" style=\"text-align: justify; \">\u00a0</p>\r\n<p class=\" \" style=\"text-align: justify; \"><b>Art. 8\u00ba</b> Os tributos municipais assegurados na Constitui\u00e7\u00e3o Federal ser\u00e3o institu\u00eddos por lei municipal.</p>\r\n<p class=\" \">\u00a0</p>\r\n<p align=\"center\" class=\" \">CAP\u00cdTULO III</p>\r\n<p align=\"center\" class=\" \"><b>DO PODER LEGISLATIVO</b></p>\r\n<p align=\"center\" class=\" \"><b>\u00a0</b></p>\r\n<p align=\"center\" class=\" \">SE\u00c7\u00c3O I</p>\r\n<p align=\"center\" class=\" \"><b>DISPOSI\u00c7\u00d5ES GERAIS</b></p>\r\n<p align=\"center\" class=\" \"><b>\u00a0</b></p>\r\n<p class=\" \" style=\"text-align: justify; \"><b>Art. 9\u00ba</b> O Poder Legislativo do Munic\u00edpio \u00e9 exercido pela C\u00e2mara Municipal.</p>\r\n<p class=\" \" style=\"text-align: justify; \">\u00a0</p>\r\n<p class=\" \" style=\"text-align: justify; \"><b>Art. 10.</b> A C\u00e2mara de Vereadores reunir-se-\u00e1 ordinariamente, independentemente de convoca\u00e7\u00e3o, no dia 1\u00ba de janeiro de cada ano para abertura do per\u00edodo legislativo, funcionando at\u00e9 31 de janeiro, reunindo-se novamente em 1\u00ba de mar\u00e7o at\u00e9 30 de junho e de 1\u00ba de agosto a 31 de dezembro.</p>\r\n<p class=\" \" style=\"padding-left: 30px; text-align: justify; \"><span><strong>\u00a7 1\u00ba</strong> Nos demais meses, a C\u00e2mara de Vereadores ficar\u00e1 em recesso, per\u00edodos nos quais funcionar\u00e1 a Comiss\u00e3o Representativa.</span></p>\r\n<p class=\" \" style=\"padding-left: 30px; text-align: justify; \"><span><strong>\u00a7\u0336 \u03362\u0336\u00ba\u0336</strong> \u0336D\u0336u\u0336r\u0336a\u0336n\u0336t\u0336e\u0336 \u0336o\u0336 \u0336p\u0336e\u0336r\u0336\u00ed\u0336o\u0336d\u0336o\u0336 \u0336l\u0336e\u0336g\u0336i\u0336s\u0336l\u0336a\u0336t\u0336i\u0336v\u0336o\u0336 \u0336o\u0336r\u0336d\u0336i\u0336n\u0336\u00e1\u0336r\u0336i\u0336o\u0336,\u0336 \u0336a\u0336 \u0336C\u0336\u00e2\u0336m\u0336a\u0336r\u0336a\u0336 \u0336r\u0336e\u0336a\u0336l\u0336i\u0336z\u0336a\u0336r\u0336\u00e1\u0336,\u0336 \u0336n\u0336o\u0336 \u0336m\u0336\u00ed\u0336n\u0336i\u0336m\u0336o\u0336,\u0336 \u0336d\u0336u\u0336a\u0336s\u0336 \u0336s\u0336e\u0336s\u0336s\u0336\u00f5\u0336e\u0336s\u0336 \u0336o\u0336r\u0336d\u0336i\u0336n\u0336\u00e1\u0336r\u0336i\u0336a\u0336s\u0336 \u0336m\u0336e\u0336n\u0336s\u0336a\u0336i\u0336s\u0336,\u0336 \u0336p\u0336r\u0336e\u0336f\u0336e\u0336r\u0336e\u0336n\u0336c\u0336i\u0336a\u0336l\u0336m\u0336e\u0336n\u0336t\u0336e\u0336 \u0336\u00e0\u0336s\u0336 \u0336t\u0336e\u0336r\u0336\u00e7\u0336a\u0336s\u0336-\u0336f\u0336e\u0336i\u0336r\u0336a\u0336s\u0336,\u0336 \u0336\u00e0\u0336s\u0336 \u03362\u03360\u0336:\u03360\u03360\u0336 \u0336h\u0336o\u0336r\u0336a\u0336s\u0336.\u0336]\u0336\u00a0</span><i>(alterado pela Emenda \u00e0 Lei Org\u00e2nica n\u00b0 01/2014)</i></p>\r\n<p class=\" \" style=\"padding-left: 30px; text-align: justify; \"><strong>\u00a7 2\u00ba</strong> Durante o per\u00edodo legislativo ordin\u00e1rio, a C\u00e2mara realizar\u00e1, no m\u00ednimo, duas sess\u00f5es ordin\u00e1rias mensais, preferencialmente \u00e0s ter\u00e7as-feiras, iniciando entre \u00e0s 18:30 horas e 20:00 horas, sendo que o hor\u00e1rio e dia, de in\u00edcio da sess\u00e3o ser\u00e1 sempre comunicado na sess\u00e3o anterior ou atrav\u00e9s do projeto de resolu\u00e7\u00e3o.</p>\r\n<p class=\" \" style=\"text-align: justify; \">\u00a0\u00a0\u00a0\u00a0\u00a0\u00a0\u00a0\u00a0\u00a0\u00a0\u00a0\u00a0\u00a0\u00a0\u00a0\u00a0\u00a0\u00a0\u00a0\u00a0\u00a0\u00a0\u00a0</p>\r\n<p class=\" \" style=\"text-align: justify; \"><b>Art. 11.</b> No primeiro ano de cada legislatura, cuja dura\u00e7\u00e3o coincidir\u00e1 com a do mandato dos vereadores, a C\u00e2mara de Vereadores reunir-se-\u00e1 no dia 1\u00ba de janeiro, \u00e0s 17:00 horas, para dar posse aos Vereadores, Prefeito e Vice-Prefeito, bem como para eleger sua Mesa, a Comiss\u00e3o Representativa e as Comiss\u00f5es Permanentes.</p>\r\n<p class=\" \" style=\"padding-left: 30px; text-align: justify; \"><strong>\u00a7\u0336 \u03361\u0336\u00ba\u0336</strong> \u0336E\u0336m\u0336 \u0336c\u0336a\u0336d\u0336a\u0336 \u0336a\u0336n\u0336o\u0336,\u0336 \u0336a\u0336 \u0336e\u0336l\u0336e\u0336i\u0336\u00e7\u0336\u00e3\u0336o\u0336 \u0336d\u0336a\u0336 \u0336M\u0336e\u0336s\u0336a\u0336,\u0336 \u0336s\u0336e\u0336 \u0336f\u0336o\u0336r\u0336 \u0336o\u0336 \u0336c\u0336a\u0336s\u0336o\u0336,\u0336 \u0336e\u0336 \u0336d\u0336a\u0336 \u0336C\u0336o\u0336m\u0336i\u0336s\u0336s\u0336\u00e3\u0336o\u0336 \u0336R\u0336e\u0336p\u0336r\u0336e\u0336s\u0336e\u0336n\u0336t\u0336a\u0336t\u0336i\u0336v\u0336a\u0336,\u0336 \u0336s\u0336e\u0336 \u0336d\u0336a\u0336r\u0336\u00e1\u0336 \u0336n\u0336a\u0336 \u0336\u00fa\u0336l\u0336t\u0336i\u0336m\u0336a\u0336 \u0336s\u0336e\u0336s\u0336s\u0336\u00e3\u0336o\u0336 \u0336l\u0336e\u0336g\u0336i\u0336s\u0336l\u0336a\u0336t\u0336i\u0336v\u0336a\u0336,\u0336 \u0336c\u0336o\u0336m\u0336 \u0336a\u0336 \u0336p\u0336o\u0336s\u0336s\u0336e\u0336 \u0336i\u0336m\u0336e\u0336d\u0336i\u0336a\u0336t\u0336a\u0336 \u0336d\u0336o\u0336s\u0336 \u0336e\u0336l\u0336e\u0336i\u0336t\u0336o\u0336s\u0336.\u0336\u00a0<i>(alterado pela Emenda \u00e0 Lei Org\u00e2nica n\u00b0 02/2014)</i><span></span></p>\r\n<p class=\" \" style=\"padding-left: 30px; text-align: justify; \"><strong>\u00a7 1\u00ba</strong> Em cada ano, a elei\u00e7\u00e3o da Mesa, se for o caso, e da Comiss\u00e3o Representativa, se dar\u00e1 no m\u00eas de novembro, considerando-se empossados os eleitos, no dia 1\u00b0 de janeiro do ano seguinte.</p>\r\n<p class=\" \" style=\"padding-left: 30px; text-align: justify; \"><span><strong>\u00a7 2\u00ba</strong> Na composi\u00e7\u00e3o da Mesa da C\u00e2mara de Vereadores e das Comiss\u00f5es, ser\u00e1 assegurada, tanto quanto poss\u00edvel o crit\u00e9rio de representa\u00e7\u00e3o pluripartid\u00e1ria e de proporcionalidade.</span></p>\r\n<p class=\" \" style=\"text-align: justify; \">\u00a0</p>\r\n<p class=\" \" style=\"text-align: justify; \"><strong>A\u0336r\u0336t\u0336.\u0336 \u03361\u03362\u0336.\u0336</strong> \u0336O\u0336 \u0336m\u0336a\u0336n\u0336d\u0336a\u0336d\u0336o\u0336 \u0336d\u0336a\u0336 \u0336M\u0336e\u0336s\u0336a\u0336 \u0336d\u0336a\u0336 \u0336C\u0336\u00e2\u0336m\u0336a\u0336r\u0336a\u0336 \u0336d\u0336e\u0336 \u0336V\u0336e\u0336r\u0336e\u0336a\u0336d\u0336o\u0336r\u0336e\u0336s\u0336 \u0336s\u0336e\u0336r\u0336\u00e1\u0336 \u0336d\u0336e\u0336 \u0336d\u0336o\u0336i\u0336s\u0336 \u0336a\u0336n\u0336o\u0336s\u0336,\u0336 \u0336v\u0336e\u0336d\u0336a\u0336d\u0336a\u0336 \u0336a\u0336 \u0336r\u0336e\u0336e\u0336l\u0336e\u0336i\u0336\u00e7\u0336\u00e3\u0336o\u0336 \u0336p\u0336a\u0336r\u0336a\u0336 \u0336o\u0336 \u0336m\u0336e\u0336s\u0336m\u0336o\u0336 \u0336c\u0336a\u0336r\u0336g\u0336o\u0336.<i> (alterado pela Emenda \u00e0 Lei Org\u00e2nica n\u00b0 05/2016)</i><span></span></p>\r\n<p class=\" \" style=\"text-align: justify; \"><b>Art. 12.</b> O mandado da Mesa da C\u00e2mara de Vereadores ser\u00e1 de 01 (um) ano, permitida a reelei\u00e7\u00e3o para o mesmo cargo.</p>\r\n<p class=\" \" style=\"text-align: justify; \">\u00a0</p>\r\n<p class=\" \" style=\"text-align: justify; \"><b>Art. 13.</b> A convoca\u00e7\u00e3o da C\u00e2mara de Vereadores para a realiza\u00e7\u00e3o de Sess\u00f5es Extraordin\u00e1rias far-se-\u00e1 pelo Prefeito Municipal, Presidente da C\u00e2mara ou a requerimento da maioria dos seus membros, em casos de urg\u00eancia ou interesse p\u00fablico relevante, e, em todas as hip\u00f3teses, com a aprova\u00e7\u00e3o de uma dessas situa\u00e7\u00f5es, pela maioria absoluta da C\u00e2mara.</p>\r\n<p class=\" \" style=\"padding-left: 30px; text-align: justify; \"><span><strong>\u00a7 1\u00ba</strong> Nas sess\u00f5es legislativas extraordin\u00e1rias, ap\u00f3s a delibera\u00e7\u00e3o de que trata o </span><i>caput</i><span>, a C\u00e2mara somente poder\u00e1 deliberar sobre a mat\u00e9ria objeto da convoca\u00e7\u00e3o, vedado o pagamento de parcela indenizat\u00f3ria em raz\u00e3o da convoca\u00e7\u00e3o.</span></p>\r\n<p class=\" \" style=\"padding-left: 30px; text-align: justify; \"><span><strong>\u00a7 2\u00ba</strong> Para as reuni\u00f5es e sess\u00f5es extraordin\u00e1rias, a convoca\u00e7\u00e3o dos Vereadores dever\u00e1 ser pessoal e expressa se estiver no Munic\u00edpio, se ausente, tendo comunicado seu endere\u00e7o provis\u00f3rio, a convoca\u00e7\u00e3o ser\u00e1 pela expedi\u00e7\u00e3o de mensagem eletr\u00f4nica ou equivalente.</span></p>\r\n<p class=\" \" style=\"text-align: justify; \">\u00a0</p>\r\n<p class=\" \" style=\"text-align: justify; \"><b>Art. 14.</b> Salvo disposi\u00e7\u00e3o constitucional em contr\u00e1rio, o quorum para as delibera\u00e7\u00f5es da C\u00e2mara de Vereadores \u00e9 o da maioria simples, presente, no m\u00ednimo, a maioria absoluta dos Vereadores.</p>\r\n<p class=\" \" style=\"text-align: justify; \">\u00a0</p>\r\n<p class=\" \" style=\"text-align: justify; \"><b>Art. 15.</b> O Presidente da C\u00e2mara votar\u00e1 somente quando houver empate ou em escrut\u00ednio secreto.</p>\r\n<p class=\" \" style=\"text-align: justify; \">\u00a0</p>\r\n<p class=\" \" style=\"text-align: justify; \"><b>Art. 16.</b> As sess\u00f5es da C\u00e2mara ser\u00e3o p\u00fablicas e o voto ser\u00e1 aberto, salvo nos casos de vota\u00e7\u00e3o secreta previstos nesta Lei Org\u00e2nica.</p>\r\n<p class=\" \" style=\"text-align: justify; \">\u00a0</p>\r\n<p class=\" \" style=\"text-align: justify; \"><b>Art. 17.</b> As contas do Munic\u00edpio, referentes \u00e0 gest\u00e3o financeira de cada exerc\u00edcio, ser\u00e3o encaminhadas, simultaneamente, \u00e0 C\u00e2mara de Vereadores e ao Tribunal de Contas do Estado at\u00e9 o dia 31 de mar\u00e7o do ano seguinte.</p>\r\n<p class=\" \" style=\"padding-left: 30px; text-align: justify; \"><span><strong>Par\u00e1grafo \u00fanico</strong> \u2013 As contas do Munic\u00edpio ficar\u00e3o \u00e0 disposi\u00e7\u00e3o de qualquer contribuinte, a partir da data da remessa das mesmas \u00e0 C\u00e2mara de Vereadores, pelo prazo de 60 (sessenta) dias, para exame e aprecia\u00e7\u00e3o, podendo ser questionada a legitimidade de qualquer despesa.</span></p>\r\n<p class=\" \" style=\"text-align: justify; \">\u00a0</p>\r\n<p class=\" \" style=\"text-align: justify; \"><b>Art. 18.</b> Anualmente, dentro de 60 (sessenta) dias, contados do in\u00edcio do per\u00edodo legislativo, a C\u00e2mara receber\u00e1 o Prefeito em sess\u00e3o especial, que informar\u00e1, atrav\u00e9s de relat\u00f3rio, o estado em que se encontram os assuntos municipais.</p>\r\n<p class=\" \" style=\"padding-left: 30px; text-align: justify; \"><span><strong>Par\u00e1grafo \u00fanico \u2013</strong> Sempre que o Prefeito manifestar prop\u00f3sito de expor assuntos de interesse p\u00fablico ou da administra\u00e7\u00e3o, a C\u00e2mara o receber\u00e1 em sess\u00e3o previamente designada.</span></p>\r\n<p class=\" \" style=\"text-align: justify; \">\u00a0</p>\r\n<p class=\" \" style=\"text-align: justify; \"><b>Art. 19.</b> A C\u00e2mara de Vereadores ou suas Comiss\u00f5es, a requerimento da maioria de seus membros, poder\u00e1 convocar Secret\u00e1rios Municipais, titulares de autarquias ou das institui\u00e7\u00f5es aut\u00f4nomas de que o Munic\u00edpio participe, para comparecerem perante elas, a fim de prestar informa\u00e7\u00f5es sobre assunto previamente designado e constante da convoca\u00e7\u00e3o.</p>\r\n<p class=\" \" style=\"padding-left: 30px; text-align: justify; \"><span><strong>Par\u00e1grafo \u00fanico</strong> \u2013 Independentemente de convoca\u00e7\u00e3o, as autoridades referidas no presente artigo, se o desejarem, poder\u00e3o prestar esclarecimentos \u00e0 C\u00e2mara de Vereadores ou \u00e0 Comiss\u00e3o Representativa, solicitando que lhes seja designado dia e hora para a audi\u00eancia requerida.</span></p>\r\n<p class=\" \" style=\"text-align: justify; \">\u00a0</p>\r\n<p class=\" \" style=\"text-align: justify; \"><b>Art. 20.</b> A C\u00e2mara poder\u00e1 criar comiss\u00e3o parlamentar de inqu\u00e9rito sobre fato determinado e por prazo certo, nos termos do Regimento Interno, a requerimento de, no m\u00ednimo, um ter\u00e7o de seus membros.<b></b></p>\r\n<p align=\"center\" class=\" \"><b>\u00a0</b><b>\u00a0</b></p>\r\n<p align=\"center\" class=\" \">SE\u00c7\u00c3O II</p>\r\n<p align=\"center\" class=\" \"><b>DOS VEREADORES</b></p>\r\n<p align=\"center\" class=\" \"><b>\u00a0</b></p>\r\n<p class=\" \" style=\"text-align: justify; \"><b>Art. 21.</b> Os Vereadores n\u00e3o poder\u00e3o:</p>\r\n<p class=\" \" style=\"text-align: justify; padding-left: 30px; \"><span>I \u2013 desde a expedi\u00e7\u00e3o do diploma:</span></p>\r\n<p class=\" \" style=\"text-align: justify; padding-left: 60px; \"><strong>a)</strong> firmar ou manter contrato com pessoa jur\u00eddica de direito p\u00fablico, autarquia, empresa p\u00fablica, sociedade de economia mista ou empresa concession\u00e1ria de servi\u00e7o p\u00fablico, salvo quando o contrato obedecer a cl\u00e1usulas uniformes;</p>\r\n<p class=\" \" style=\"text-align: justify; padding-left: 60px; \"><strong>b)</strong> aceitar ou exercer, no Munic\u00edpio, cargo, fun\u00e7\u00e3o ou emprego remunerado, inclusive os de que sejam demiss\u00edveis <i>ad</i> <i>nutum</i>, nas entidades constantes da al\u00ednea anterior, ressalvado a hip\u00f3tese de nomea\u00e7\u00e3o por aprova\u00e7\u00e3o em concurso p\u00fablico.\u00a0\u00a0</p>\r\n<p class=\" \" style=\"text-align: justify; padding-left: 30px; \"><span>II \u2013 desde a posse:</span></p>\r\n<p class=\" \" style=\"text-align: justify; padding-left: 60px; \"><strong>a)</strong> ser propriet\u00e1rios, controladores ou diretores de empresa que goze de favor decorrente de contrato com pessoa jur\u00eddica de direito p\u00fablico, ou nela exercer fun\u00e7\u00e3o remunerada;</p>\r\n<p class=\" \" style=\"text-align: justify; padding-left: 60px; \"><strong>b)</strong> ocupar cargo ou fun\u00e7\u00e3o de que sejam demiss\u00edveis <i>ad nutum</i>, nas entidades referidas no inciso I, a;</p>\r\n<p class=\" \" style=\"text-align: justify; padding-left: 60px; \"><strong>c)</strong> patrocinar causa em que seja interessada qualquer das entidades a que se refere o inciso I, a;</p>\r\n<p class=\" \" style=\"text-align: justify; padding-left: 60px; \"><strong>d)\u00a0</strong>\u00a0ser titulares de mais de um cargo ou mandato p\u00fablico eletivo.\u00a0</p>\r\n<p class=\" \" style=\"text-align: justify; \">\u00a0</p>\r\n<p class=\" \" style=\"text-align: justify; \"><b>Art. 22.</b> Extingue-se o mandato de Vereador e assim ser\u00e1 declarado pelo Presidente da C\u00e2mara, nos casos de:</p>\r\n<p class=\" \" style=\"text-align: justify; padding-left: 60px; \">I \u2013 ren\u00fancia escrita;</p>\r\n<p class=\" \" style=\"text-align: justify; padding-left: 60px; \">II \u2013 falecimento.</p>\r\n<p class=\" \" style=\"text-align: justify; padding-left: 30px; \"><span><strong>\u00a7 1\u00ba</strong> Comprovado o ato ou fato extintivo, o Presidente da C\u00e2mara, imediatamente, convocar\u00e1 o suplente respectivo e, na primeira sess\u00e3o seguinte, comunicar\u00e1 a extin\u00e7\u00e3o ao plen\u00e1rio, fazendo constar da ata.</span></p>\r\n<p class=\" \" style=\"text-align: justify; padding-left: 30px; \"><span><strong>\u00a7 2\u00ba</strong> Se o Presidente da C\u00e2mara omitir-se de tomar as provid\u00eancias do par\u00e1grafo anterior, o suplente de Vereador a ser convocado poder\u00e1 requerer a sua posse, ficando o Presidente da C\u00e2mara respons\u00e1vel, pessoalmente, pela remunera\u00e7\u00e3o do suplente pelo tempo que mediar entre a extin\u00e7\u00e3o e a efetiva posse.</span></p>\r\n<p class=\" \" style=\"text-align: justify; \">\u00a0</p>\r\n<p class=\" \" style=\"text-align: justify; \"><b>Art. 23.</b> Perder\u00e1 o mandato o Vereador que:</p>\r\n<p class=\" \" style=\"text-align: justify; padding-left: 60px; \">I \u2013 incidir nas veda\u00e7\u00f5es previstas no art. 21;</p>\r\n<p class=\" \" style=\"text-align: justify; padding-left: 60px; \">II \u2013 utilizar-se do mandato para a pr\u00e1tica de atos de corrup\u00e7\u00e3o, de improbidade administrativa ou atentat\u00f3rios \u00e0s institui\u00e7\u00f5es;</p>\r\n<p class=\" \" style=\"text-align: justify; padding-left: 60px; \">III \u2013 proceder de modo incompat\u00edvel com a dignidade da C\u00e2mara ou faltar com o decoro na sua conduta p\u00fablica;</p>\r\n<p class=\" \" style=\"text-align: justify; padding-left: 60px; \">IV \u2013 deixar de comparecer, em cada per\u00edodo legislativo, sem motivo justificado e aceito pela C\u00e2mara, \u00e0 ter\u00e7a parte das sess\u00f5es ordin\u00e1rias ou a cinco sess\u00f5es extraordin\u00e1rias;</p>\r\n<p class=\" \" style=\"text-align: justify; padding-left: 60px; \">V \u2013 que perder ou tiver suspensos os direitos pol\u00edticos;</p>\r\n<p class=\" \" style=\"text-align: justify; padding-left: 60px; \">VI \u2013 que sofrer condena\u00e7\u00e3o criminal transitada ou julgado;</p>\r\n<p class=\" \" style=\"text-align: justify; padding-left: 60px; \">VII \u2013 quando o decretar a Justi\u00e7a Eleitoral.</p>\r\n<p class=\" \" style=\"text-align: justify; padding-left: 30px; \"><span><strong>\u00a7 1\u00ba</strong> N\u00e3o perde o mandato o Vereador:</span></p>\r\n<p class=\" \" style=\"text-align: justify; padding-left: 60px; \">I \u2013 investido no cargo de Secret\u00e1rio Municipal, Secret\u00e1rio de Estado ou Ministro de Estado;</p>\r\n<p class=\" \" style=\"text-align: justify; padding-left: 60px; \">II \u2013 licenciado por motivo de doen\u00e7a, ou para tratar, sem remunera\u00e7\u00e3o, de interesses particulares.</p>\r\n<p class=\" \" style=\"text-align: justify; padding-left: 30px; \"><span><strong>\u00a7 2\u00ba</strong> Na hip\u00f3tese do inciso I, o Vereador poder\u00e1 optar pela remunera\u00e7\u00e3o do mandato.</span></p>\r\n<p class=\" \" style=\"text-align: justify; \">\u00a0</p>\r\n<p class=\" \" style=\"text-align: justify; \"><b>Art. 24.</b> O processo de cassa\u00e7\u00e3o do mandato de Vereador \u00e9, no que couber, o estabelecido no art. 21 e legisla\u00e7\u00e3o federal, assegurada defesa plena ao acusado.</p>\r\n<p class=\" \" style=\"text-align: justify; padding-left: 30px; \"><span><strong>\u00a7 1\u00ba</strong> A perda do mandato, no caso dos incisos I, II e III do art. 23, ser\u00e1 decidida pela C\u00e2mara de Vereadores por voto secreto e maioria absoluta mediante provoca\u00e7\u00e3o da Mesa ou de partido pol\u00edtico representado na C\u00e2mara assegurada ampla defesa.</span></p>\r\n<p class=\" \" style=\"text-align: justify; padding-left: 30px; \"><span><strong>\u00a7 2\u00ba</strong> Nos casos previstos nos incisos IV a VI, perda ser\u00e1 declarada pela Mesa, de of\u00edcio ou mediante provoca\u00e7\u00e3o de qualquer de seus membros, ou de partido pol\u00edtico representado na C\u00e2mara.</span></p>\r\n<p class=\" \" style=\"text-align: justify; \">\u00a0</p>\r\n<p class=\" \" style=\"text-align: justify; \"><b>Art. 25.</b> Os Vereadores perceber\u00e3o subs\u00eddios fixados pela C\u00e2mara de Vereadores numa legislatura para vigorar por toda a legislatura seguinte, observadas as regras pertinentes da Constitui\u00e7\u00e3o Federal.</p>\r\n<p class=\" \" style=\"text-align: justify; \">\u00a0</p>\r\n<p class=\" \" style=\"text-align: justify; \"><b>Art. 26.</b> O Presidente da C\u00e2mara de Vereadores far\u00e1 jus \u00e0 verba de representa\u00e7\u00e3o, fixada juntamente com a remunera\u00e7\u00e3o dos Vereadores.</p>\r\n<p class=\" \" style=\"text-align: justify; \">\u00a0</p>\r\n<p class=\" \" style=\"text-align: justify; \"><b>Art. 27.</b> Sempre que o Vereador, por delibera\u00e7\u00e3o do plen\u00e1rio, for incumbido de representar a C\u00e2mara de Vereadores fora do territ\u00f3rio do Munic\u00edpio, far\u00e1 jus \u00e0 di\u00e1ria fixada em Decreto-Legislativo.</p>\r\n<p class=\" \" style=\"text-align: justify; \">\u00a0</p>\r\n<p class=\" \" style=\"text-align: justify; \"><b>Art. 28.</b> Ao servidor p\u00fablico eleito vereador, aplica-se o disposto no art. 38, III, da Constitui\u00e7\u00e3o Federal.</p>\r\n<p class=\" \" style=\"text-align: justify; \">\u00a0</p>\r\n<p align=\"center\" class=\" \">SE\u00c7\u00c3O III</p>\r\n<p align=\"center\" class=\" \"><b>DAS ATRIBUI\u00c7\u00d5ES DA C\u00c2MARA DE VEREADORES</b></p>\r\n<p align=\"center\" class=\" \"><b>\u00a0</b></p>\r\n<p class=\" \" style=\"text-align: justify; \"><b>Art. 29.</b> Compete \u00e0 C\u00e2mara de Vereadores, com a san\u00e7\u00e3o do Prefeito, entre outras atribui\u00e7\u00f5es, dispor sobre todas as mat\u00e9rias atribu\u00eddas ao Munic\u00edpio pelas Constitui\u00e7\u00f5es Federal e Estadual e por esta Lei Org\u00e2nica, especialmente sobre:</p>\r\n<p class=\" \" style=\"padding-left: 60px; text-align: justify; \">I \u2013 tributos de compet\u00eancia municipal;</p>\r\n<p class=\" \" style=\"padding-left: 60px; text-align: justify; \">II \u2013 abertura de cr\u00e9ditos adicionais;</p>\r\n<p class=\" \" style=\"padding-left: 60px; text-align: justify; \">III \u2013 cria\u00e7\u00e3o, altera\u00e7\u00e3o e extin\u00e7\u00e3o de cargos, fun\u00e7\u00f5es e empregos do Munic\u00edpio;</p>\r\n<p class=\" \" style=\"padding-left: 60px; text-align: justify; \">IV \u2013 cria\u00e7\u00e3o de conselhos de coopera\u00e7\u00e3o administrativa municipal;</p>\r\n<p class=\" \" style=\"padding-left: 60px; text-align: justify; \">V \u2013 fixa\u00e7\u00e3o e altera\u00e7\u00e3o dos vencimentos e outras vantagens pecuni\u00e1rias dos servidores municipais;</p>\r\n<p class=\" \" style=\"padding-left: 60px; text-align: justify; \">VI \u2013 aliena\u00e7\u00e3o e aquisi\u00e7\u00e3o de bens im\u00f3veis;</p>\r\n<p class=\" \" style=\"padding-left: 60px; text-align: justify; \">VII \u2013 concess\u00e3o e permiss\u00e3o dos servi\u00e7os do Munic\u00edpio;</p>\r\n<p class=\" \" style=\"padding-left: 60px; text-align: justify; \">VIII \u2013 concess\u00e3o e permiss\u00e3o de uso de bens municipais;</p>\r\n<p class=\" \" style=\"padding-left: 60px; text-align: justify; \">IX \u2013 divis\u00e3o territorial do Munic\u00edpio, observada a legisla\u00e7\u00e3o estadual;</p>\r\n<p class=\" \" style=\"padding-left: 60px; text-align: justify; \">X \u2013 cria\u00e7\u00e3o, altera\u00e7\u00e3o e extin\u00e7\u00e3o dos \u00f3rg\u00e3os p\u00fablicos do Munic\u00edpio;</p>\r\n<p class=\" \" style=\"padding-left: 60px; text-align: justify; \">XI \u2013 contrata\u00e7\u00e3o de empr\u00e9stimos e opera\u00e7\u00f5es de cr\u00e9dito, bem como a forma e os meios de pagamento;</p>\r\n<p class=\" \" style=\"padding-left: 60px; text-align: justify; \">XII \u2013 transfer\u00eancia tempor\u00e1ria da sede do Munic\u00edpio, quando o interesse p\u00fablico o exigir;</p>\r\n<p class=\" \" style=\"padding-left: 60px; text-align: justify; \">XIII \u2013 anistia de tributos, cancelamento, suspens\u00e3o de cobran\u00e7a e releva\u00e7\u00e3o de \u00f4nus sobre a d\u00edvida ativa do Munic\u00edpio;</p>\r\n<p class=\" \" style=\"padding-left: 60px; text-align: justify; \">XIV \u2013 plano plurianual, diretrizes or\u00e7ament\u00e1rias, or\u00e7amento anual;</p>\r\n<p class=\" \" style=\"padding-left: 60px; text-align: justify; \">XV \u2013 plano de aux\u00edlios e subven\u00e7\u00f5es anuais.</p>\r\n<p class=\" \" style=\"text-align: justify; \">\u00a0\u00a0\u00a0\u00a0\u00a0\u00a0\u00a0\u00a0\u00a0\u00a0\u00a0\u00a0\u00a0\u00a0\u00a0\u00a0\u00a0\u00a0\u00a0\u00a0\u00a0\u00a0\u00a0</p>\r\n<p class=\" \" style=\"text-align: justify; \"><b>Art. 30.</b> \u00c9 da compet\u00eancia exclusiva da C\u00e2mara de Vereadores:</p>\r\n<p class=\" \" style=\"text-align: justify; padding-left: 60px; \">I\u0336 \u0336\u2013\u0336 \u0336e\u0336l\u0336e\u0336g\u0336e\u0336r\u0336 \u0336s\u0336u\u0336a\u0336 \u0336M\u0336e\u0336s\u0336a\u0336,\u0336 \u0336s\u0336u\u0336a\u0336s\u0336 \u0336C\u0336o\u0336m\u0336i\u0336s\u0336s\u0336\u00f5\u0336e\u0336s\u0336,\u0336 \u0336e\u0336l\u0336a\u0336b\u0336o\u0336r\u0336a\u0336r\u0336 \u0336s\u0336e\u0336u\u0336 \u0336R\u0336e\u0336g\u0336i\u0336m\u0336e\u0336n\u0336t\u0336o\u0336 \u0336I\u0336n\u0336t\u0336e\u0336r\u0336n\u0336o\u0336 \u0336e\u0336 \u0336d\u0336i\u0336s\u0336p\u0336o\u0336r\u0336 \u0336s\u0336o\u0336b\u0336r\u0336e\u0336 \u0336a\u0336 \u0336o\u0336r\u0336g\u0336a\u0336n\u0336i\u0336z\u0336a\u0336\u00e7\u0336\u00e3\u0336o\u0336 \u0336d\u0336a\u0336 \u0336C\u0336\u00e2\u0336m\u0336a\u0336r\u0336a\u0336;\u0336 (alterado pela\u00a0<i>Emenda \u00e0 Lei Org\u00e2nica n\u00b0 03/2014)</i><span></span></p>\r\n<p class=\" \" style=\"text-align: justify; padding-left: 60px; \">I \u2013 eleger sua Mesa e suas Comiss\u00f5es;</p>\r\n<p class=\" \" style=\"text-align: justify; padding-left: 60px; \">II \u2013 atrav\u00e9s de Resolu\u00e7\u00e3o, criar, alterar e extinguir os cargos e fun\u00e7\u00f5es de seu quadro de servidores, dispor sobre o provimento dos mesmos;</p>\r\n<p class=\" \" style=\"text-align: justify; padding-left: 60px; \">III \u2013 iniciativa de lei para fixa\u00e7\u00e3o da remunera\u00e7\u00e3o dos seus servidores;</p>\r\n<p class=\" \" style=\"text-align: justify; padding-left: 60px; \">I\u0336V\u0336 \u0336\u2013\u0336 \u0336e\u0336m\u0336e\u0336n\u0336d\u0336a\u0336r\u0336 \u0336a\u0336 \u0336L\u0336e\u0336i\u0336 \u0336O\u0336r\u0336g\u0336\u00e2\u0336n\u0336i\u0336c\u0336a\u0336;\u0336\u00a0<i>(alterado pela Emenda \u00e0 Lei Org\u00e2nica n\u00b0 03/2014)</i><span></span></p>\r\n<p class=\" \" style=\"text-align: justify; padding-left: 60px; \">IV \u2013 Elaborar seu Regimento Interno e dispor sobre a organiza\u00e7\u00e3o da C\u00e2mara;</p>\r\n<p class=\" \" style=\"text-align: justify; padding-left: 60px; \">V \u2013 representar, para efeito de interven\u00e7\u00e3o no Munic\u00edpio;</p>\r\n<p class=\" \" style=\"text-align: justify; padding-left: 60px; \">VI \u2013 exercer a fiscaliza\u00e7\u00e3o da administra\u00e7\u00e3o financeira e or\u00e7ament\u00e1ria do Munic\u00edpio na forma prevista em lei;</p>\r\n<p class=\" \" style=\"text-align: justify; padding-left: 60px; \">VII \u2013 iniciativa de lei para fixar ou alterar o subs\u00eddio dos Secret\u00e1rios Municipais;</p>\r\n<p class=\" \" style=\"text-align: justify; padding-left: 60px; \">VIII \u2013 iniciativa de lei para fixar os subs\u00eddios do Prefeito, do Vice-Prefeito e dos Vereadores, em data anterior \u00e0s elei\u00e7\u00f5es municipais;</p>\r\n<p class=\" \" style=\"text-align: justify; padding-left: 60px; \">IX \u2013 autorizar o Prefeito e Vice-Prefeito a se afastarem do Munic\u00edpio por mais de 15 (quinze) dias;</p>\r\n<p class=\" \" style=\"text-align: justify; padding-left: 60px; \">X \u2013 convocar os Secret\u00e1rios, titulares de Autarquia e das institui\u00e7\u00f5es aut\u00f4nomas de que participe o Munic\u00edpio, para prestarem informa\u00e7\u00f5es;</p>\r\n<p class=\" \" style=\"text-align: justify; padding-left: 60px; \">XI \u2013 solicitar informa\u00e7\u00e3o, por escrito, ao Prefeito Municipal sobre projetos de lei em tramita\u00e7\u00e3o;</p>\r\n<p class=\" \" style=\"text-align: justify; padding-left: 60px; \">XII \u2013 dar posse ao Prefeito e Vice-Prefeito, decidir sobre a perda de seus mandatos e dos Vereadores, nos casos previstos na Lei Org\u00e2nica;</p>\r\n<p class=\" \" style=\"text-align: justify; padding-left: 60px; \">XIII \u2013 conceder licen\u00e7a ao Prefeito e Vice-Prefeito para se afastarem dos cargos;</p>\r\n<p class=\" \" style=\"text-align: justify; padding-left: 60px; \">XIV \u2013 criar Comiss\u00e3o Parlamentar de Inqu\u00e9rito sobre fato determinado;</p>\r\n<p class=\" \" style=\"text-align: justify; padding-left: 60px; \">XV \u2013 propor ao Prefeito a execu\u00e7\u00e3o de qualquer obra ou medida que interesse \u00e0 coletividade ou ao servi\u00e7o p\u00fablico;</p>\r\n<p class=\" \" style=\"text-align: justify; padding-left: 60px; \">XVI \u2013 fixar o n\u00famero de Vereadores nos termos da Constitui\u00e7\u00e3o Federal.</p>\r\n<p class=\" \" style=\"text-align: justify; padding-left: 30px; \"><span><strong>Par\u00e1grafo \u00fanico</strong> \u2013 A solicita\u00e7\u00e3o das informa\u00e7\u00f5es ao Prefeito dever\u00e1 ser encaminhada pelo Presidente da C\u00e2mara ap\u00f3s a aprova\u00e7\u00e3o do pedido pela maioria.</span></p>\r\n<p class=\" \" style=\"text-align: justify; \">\u00a0</p>\r\n<p align=\"center\" class=\" \">SE\u00c7\u00c3O IV</p>\r\n<p align=\"center\" class=\" \"><b>DA COMISS\u00c3O REPRESENTATIVA</b></p>\r\n<p align=\"center\" class=\" \"><b>\u00a0</b></p>\r\n<p class=\" \" style=\"text-align: justify; \"><b>Art. 31.</b> No per\u00edodo de recesso da C\u00e2mara de Vereadores funcionar\u00e1 uma Comiss\u00e3o Representativa, com as seguintes atribui\u00e7\u00f5es:</p>\r\n<p class=\" \" style=\"padding-left: 60px; text-align: justify; \">I - zelar pelas prerrogativas do Poder Legislativo;</p>\r\n<p class=\" \" style=\"padding-left: 60px; text-align: justify; \">II \u2013 zelar pela observ\u00e2ncia das Constitui\u00e7\u00f5es, desta Lei Org\u00e2nica e demais leis;</p>\r\n<p class=\" \" style=\"padding-left: 60px; text-align: justify; \">III \u2013 autorizar o Prefeito e Vice-Prefeito nos casos exigidos a se ausentarem do Munic\u00edpio;</p>\r\n<p class=\" \" style=\"padding-left: 60px; text-align: justify; \">IV \u2013 convocar extraordinariamente a C\u00e2mara de Vereadores;</p>\r\n<p class=\" \" style=\"padding-left: 60px; text-align: justify; \">V - tomar medidas urgentes de compet\u00eancia da C\u00e2mara de Vereadores.</p>\r\n<p class=\" \" style=\"padding-left: 30px; text-align: justify; \"><span><strong>Par\u00e1grafo \u00fanico</strong> \u2013 As normas relativas ao desempenho das atribui\u00e7\u00f5es da Comiss\u00e3o Representativa ser\u00e3o estabelecidos no Regimento Interno da C\u00e2mara.</span></p>\r\n<p class=\" \" style=\"text-align: justify; \">\u00a0</p>\r\n<p class=\" \" style=\"text-align: justify; \"><b>Art. 32.</b> A Comiss\u00e3o Representativa, constitu\u00edda por n\u00famero \u00edmpar de Vereadores, ser\u00e1 composta, obedecendo quando poss\u00edvel, a representa\u00e7\u00e3o partid\u00e1ria.</p>\r\n<p class=\" \" style=\"padding-left: 30px; text-align: justify; \"><span><strong>\u00a7 1\u00ba</strong> A Presid\u00eancia da Comiss\u00e3o Representativa caber\u00e1 ao Presidente da C\u00e2mara, cuja substitui\u00e7\u00e3o se far\u00e1 na forma prevista no Regimento Interno.</span></p>\r\n<p class=\" \" style=\"padding-left: 30px; text-align: justify; \"><span><strong>\u00a7 2\u00ba</strong> O n\u00famero total de integrantes da Comiss\u00e3o Representativa dever\u00e1 perfazer, no m\u00ednimo, um ter\u00e7o da totalidade dos Vereadores, observada, tanto quanto poss\u00edvel, a proporcionalidade da representa\u00e7\u00e3o partid\u00e1ria existente na C\u00e2mara.</span></p>\r\n<p class=\" \" style=\"text-align: justify; \">\u00a0</p>\r\n<p class=\" \" style=\"text-align: justify; \"><b>Art. 33.</b> A Comiss\u00e3o Representativa dever\u00e1 apresentar relat\u00f3rio dos trabalhos por ela realizados, quando do reinicio do per\u00edodo de funcionamento ordin\u00e1rio da C\u00e2mara.</p>\r\n<p class=\" \">\u00a0</p>\r\n<p align=\"center\" class=\" \">SE\u00c7\u00c3O V</p>\r\n<p align=\"center\" class=\" \"><b>DAS LEIS E DO PROCESSO LEGISLATIVO</b></p>\r\n<p align=\"center\" class=\" \"><b>\u00a0</b></p>\r\n<p class=\" \" style=\"text-align: justify; \"><b>Art. 34.</b> O processo legislativo compreende a elabora\u00e7\u00e3o de:</p>\r\n<p class=\" \" style=\"text-align: justify; padding-left: 60px; \">I \u2013 emendas \u00e0 Lei Org\u00e2nica;</p>\r\n<p class=\" \" style=\"text-align: justify; padding-left: 60px; \">II - leis ordin\u00e1rias;</p>\r\n<p class=\" \" style=\"text-align: justify; padding-left: 60px; \">III \u2013 decretos legislativos;</p>\r\n<p class=\" \" style=\"text-align: justify; padding-left: 60px; \">IV \u2013 resolu\u00e7\u00f5es.</p>\r\n<p class=\" \" style=\"text-align: justify; \">\u00a0</p>\r\n<p class=\" \" style=\"text-align: justify; \"><b>Art. 35.</b> Ser\u00e3o objeto, ainda, de delibera\u00e7\u00e3o da C\u00e2mara de Vereadores, na forma do Regimento Interno:</p>\r\n<p class=\" \" style=\"text-align: justify; padding-left: 60px; \">I \u2013 autoriza\u00e7\u00f5es;</p>\r\n<p class=\" \" style=\"text-align: justify; padding-left: 60px; \">II \u2013 indica\u00e7\u00f5es;</p>\r\n<p class=\" \" style=\"text-align: justify; padding-left: 60px; \">III \u2013 requerimentos;</p>\r\n<p class=\" \" style=\"text-align: justify; padding-left: 60px; \">IV \u2013 pedidos de informa\u00e7\u00e3o.</p>\r\n<p class=\" \" style=\"text-align: justify; \">\u00a0</p>\r\n<p class=\" \" style=\"text-align: justify; \"><b>Art. 36.</b> A Lei Org\u00e2nica poder\u00e1 ser emendada mediante proposta:</p>\r\n<p class=\" \" style=\"text-align: justify; padding-left: 60px; \">I \u2013 de Vereadores;</p>\r\n<p class=\" \" style=\"text-align: justify; padding-left: 60px; \">II \u2013 do Prefeito;</p>\r\n<p class=\" \" style=\"text-align: justify; padding-left: 60px; \">III \u2013 de eleitores do Munic\u00edpio.</p>\r\n<p class=\" \" style=\"text-align: justify; padding-left: 30px; \"><span><strong>\u00a7 1\u00ba</strong> No caso do inciso I, a proposta dever\u00e1 ser subscrita, no m\u00ednimo, por um ter\u00e7o dos membros da C\u00e2mara de Vereadores.</span></p>\r\n<p class=\" \" style=\"text-align: justify; padding-left: 30px; \"><span><strong>\u00a7 2\u00ba</strong> No caso do inciso III, a proposta dever\u00e1 ser subscrita, no m\u00ednimo, por cinco por cento dos eleitores do Munic\u00edpio.</span></p>\r\n<p class=\" \" style=\"text-align: justify; \">\u00a0</p>\r\n<p class=\" \" style=\"text-align: justify; \"><b>Art. 37.</b> Em qualquer dos casos do artigo anterior, a proposta ser\u00e1 discutida e votada em dois turnos com um interst\u00edcio m\u00ednimo de 10 (dez) dias, e aprovada quando obtiver, em ambos os turnos, votos favor\u00e1veis de, no m\u00ednimo, dois ter\u00e7os dos membros da C\u00e2mara de Vereadores.</p>\r\n<p class=\" \" style=\"text-align: justify; \">\u00a0</p>\r\n<p class=\" \" style=\"text-align: justify; \"><b>Art. 38.</b> A emenda \u00e0 Lei Org\u00e2nica ser\u00e1 promulgada e publicada pela Mesa da C\u00e2mara de Vereadores, com o respectivo n\u00famero de ordem.</p>\r\n<p class=\" \" style=\"text-align: justify; \">\u00a0</p>\r\n<p class=\" \" style=\"text-align: justify; \"><b>Art. 39.</b> A iniciativa das leis municipais, salvo os casos de compet\u00eancia exclusiva, caber\u00e1 a qualquer Vereador, ao Prefeito e aos eleitores, neste caso, como forma de mo\u00e7\u00e3o articulada e fundamentada, subscrita, no m\u00ednimo, por cinco por cento do eleitorado da cidade ou do Distrito.</p>\r\n<p class=\" \" style=\"text-align: justify; \">\u00a0</p>\r\n<p class=\" \" style=\"text-align: justify; \"><b>Art. 40.</b> S\u00e3o de iniciativa privativa do Prefeito, os projetos de lei que disponham sobre:</p>\r\n<p class=\" \" style=\"text-align: justify; padding-left: 60px; \">I \u2013 cria\u00e7\u00e3o, altera\u00e7\u00e3o e extin\u00e7\u00e3o de cargo, fun\u00e7\u00e3o ou emprego do Poder Executivo e autarquia do Munic\u00edpio;</p>\r\n<p class=\" \" style=\"text-align: justify; padding-left: 60px; \">II \u2013 cria\u00e7\u00e3o de novas vantagens, de qualquer esp\u00e9cie, aos servidores p\u00fablicos do Poder Executivo;</p>\r\n<p class=\" \" style=\"text-align: justify; padding-left: 60px; \">III \u2013 aumento de vencimentos, remunera\u00e7\u00e3o ou de vantagens dos servidores p\u00fablicos do Munic\u00edpio;</p>\r\n<p class=\" \" style=\"text-align: justify; padding-left: 60px; \">IV \u2013 cria\u00e7\u00e3o e extin\u00e7\u00e3o de Secretarias e \u00f3rg\u00e3os da administra\u00e7\u00e3o p\u00fablica, observado o disposto no art. 52, inciso VI;</p>\r\n<p class=\" \" style=\"text-align: justify; padding-left: 60px; \">V \u2013 mat\u00e9ria tribut\u00e1ria;</p>\r\n<p class=\" \" style=\"text-align: justify; padding-left: 60px; \">VI \u2013 plano plurianual, diretrizes or\u00e7ament\u00e1rias e or\u00e7amento anual;</p>\r\n<p class=\" \" style=\"text-align: justify; padding-left: 60px; \">VII \u2013 servidor p\u00fablico municipal e seu regime jur\u00eddico.</p>\r\n<p class=\" \" style=\"text-align: justify; \">\u00a0</p>\r\n<p class=\" \" style=\"text-align: justify; \"><b>Art. 41.</b> N\u00e3o ser\u00e1 admitida emenda que aumente a despesa prevista:</p>\r\n<p class=\" \" style=\"text-align: justify; padding-left: 60px; \">I \u2013 nos projetos de iniciativa privativa do Prefeito;</p>\r\n<p class=\" \" style=\"text-align: justify; padding-left: 60px; \">II \u2013 nos projetos sobre organiza\u00e7\u00e3o dos servi\u00e7os administrativos da C\u00e2mara Municipal.</p>\r\n<p class=\" \" style=\"text-align: justify; \">\u00a0</p>\r\n<p class=\" \" style=\"text-align: justify; \"><b>Art. 42.</b> No in\u00edcio ou em qualquer fase da tramita\u00e7\u00e3o de projeto de lei de iniciativa do Prefeito, este poder\u00e1 solicitar \u00e0 C\u00e2mara de Vereadores que o aprecie no prazo de at\u00e9 45 (quarenta e cinco) dias a contar do pedido.</p>\r\n<p class=\" \" style=\"text-align: justify; padding-left: 30px; \"><span><strong>\u00a7 1\u00ba</strong> Se a C\u00e2mara de Vereadores n\u00e3o se manifestar sobre o projeto no prazo estabelecido no caput deste artigo, ser\u00e1 esse inclu\u00eddo na ordem do dia das sess\u00f5es subseq\u00fcentes, sobrestando-se a delibera\u00e7\u00e3o quanto aos demais assuntos at\u00e9 que se ultime a vota\u00e7\u00e3o.</span></p>\r\n<p class=\" \" style=\"text-align: justify; padding-left: 30px; \"><span><strong>\u00a7 2\u00ba</strong> O prazo deste artigo n\u00e3o correr\u00e1 nos per\u00edodos de recesso da C\u00e2mara de Vereadores.</span></p>\r\n<p class=\" \" style=\"text-align: justify; \">\u00a0</p>\r\n<p class=\" \" style=\"text-align: justify; \"><b>Art. 43.</b> Os autores de projeto de lei em tramita\u00e7\u00e3o na C\u00e2mara de Vereadores, inclusive o Prefeito, poder\u00e3o requerer a sua retirada antes de sua inclus\u00e3o na Ordem do Dia.</p>\r\n<p class=\" \" style=\"text-align: justify; padding-left: 30px; \"><span><strong>Par\u00e1grafo \u00fanico</strong> \u2013 A partir do recebimento do pedido de retirada, ficar\u00e1, automaticamente, sustada a tramita\u00e7\u00e3o do projeto de lei.</span></p>\r\n<p class=\" \" style=\"text-align: justify; \">\u00a0</p>\r\n<p class=\" \" style=\"text-align: justify; \"><b>Art. 44.</b> A mat\u00e9ria constante do projeto de lei rejeitado, assim como a Emenda \u00e1 Lei Org\u00e2nica, rejeitada ou havida por prejudicada, somente poder\u00e1 constituir objeto de novo projeto, no mesmo per\u00edodo legislativo, mediante proposta da maioria absoluta dos membros da C\u00e2mara de Vereadores.</p>\r\n<p class=\" \" style=\"text-align: justify; \">\u00a0</p>\r\n<p class=\" \" style=\"text-align: justify; \"><b>Art. 45.</b> Conclu\u00edda a vota\u00e7\u00e3o, o projeto de lei ser\u00e1 enviado ao Prefeito que, aquiescendo, o sancionar\u00e1.</p>\r\n<p class=\" \" style=\"text-align: justify; padding-left: 30px; \"><span><strong>\u00a7 1\u00ba</strong> Se o Prefeito julgar o projeto, no todo ou em parte, inconstitucional ou contr\u00e1rio ao interesse p\u00fablico, vet\u00e1-lo-\u00e1, total ou parcialmente, dentro de 15 (quinze) dias \u00fateis contados daquele em que o receber, apresentando, por escrito, os motivos do veto ao Presidente da C\u00e2mara de Vereadores.</span></p>\r\n<p class=\" \" style=\"text-align: justify; padding-left: 30px; \"><span><strong>\u00a7 2\u00ba</strong> Os motivos do veto poder\u00e3o ser oferecidos \u00e0 C\u00e2mara de Vereadores at\u00e9 48 horas ap\u00f3s a apresenta\u00e7\u00e3o do veto.</span></p>\r\n<p class=\" \" style=\"text-align: justify; padding-left: 30px; \"><span><strong>\u00a7 3\u00ba</strong> Encaminhado o veto \u00e0 C\u00e2mara de Vereadores, ser\u00e1 ele submetido, dentro de 30 (trinta) dias corridos, contados da data do recebimento, com ou sem parecer, \u00e0 aprecia\u00e7\u00e3o \u00fanica, considerando-se rejeitado o veto se, em vota\u00e7\u00e3o secreta, obtiver o quorum da maioria absoluta dos Vereadores.</span></p>\r\n<p class=\" \" style=\"text-align: justify; padding-left: 30px; \"><span><strong>\u00a7 4\u00ba</strong> Rejeitado o veto, a decis\u00e3o ser\u00e1 comunicada, por escrito, ao Prefeito, dentro das 48 horas seguintes, com vistas \u00e0 promulga\u00e7\u00e3o.</span></p>\r\n<p class=\" \" style=\"text-align: justify; padding-left: 30px; \"><span><strong>\u00a7 5\u00ba</strong> O veto parcial somente abranger\u00e1 texto integral do artigo, par\u00e1grafo, inciso ou al\u00ednea, cabendo ao Prefeito, no prazo do veto, promulgar e publicar como lei os dispositivos n\u00e3o vetados.</span></p>\r\n<p class=\" \" style=\"text-align: justify; padding-left: 30px; \"><span><strong>\u00a7 6\u00ba</strong> O sil\u00eancio do Prefeito, decorrido o prazo de que trata o \u00a7 1\u00ba deste artigo, importa em san\u00e7\u00e3o t\u00e1cita.</span></p>\r\n<p class=\" \" style=\"text-align: justify; padding-left: 30px; \"><span><strong>\u00a7 7\u00ba</strong> Esgotado, sem delibera\u00e7\u00e3o, o prazo estabelecido no par\u00e1grafo terceiro deste artigo, o veto ser\u00e1 apreciado na forma do \u00a7 1\u00ba do art. 42 desta Lei.</span></p>\r\n<p class=\" \" style=\"text-align: justify; padding-left: 30px; \"><span><strong>\u00a7 8\u00ba</strong> N\u00e3o sendo a Lei promulgada pelo Prefeito no prazo de quarenta e oito horas ap\u00f3s a san\u00e7\u00e3o t\u00e1cita ou sua ci\u00eancia da rejei\u00e7\u00e3o do veto, caber\u00e1 ao Presidente da C\u00e2mara faz\u00ea-lo em igual prazo. \u00a0 \u00a0\u00a0</span></p>\r\n<p class=\" \" style=\"text-align: justify; \">\u00a0</p>\r\n<p class=\" \" style=\"text-align: justify; \"><b>Art. 46.</b> Nos casos do art. 34, III e IV desta Lei Org\u00e2nica, com a vota\u00e7\u00e3o da reda\u00e7\u00e3o final, considerar-se-\u00e1 encerrada a elabora\u00e7\u00e3o do Decreto Legislativo e da Resolu\u00e7\u00e3o, cabendo ao Presidente da C\u00e2mara de Vereadores a promulga\u00e7\u00e3o e publica\u00e7\u00e3o.</p>\r\n<p class=\" \" style=\"text-align: justify; \">\u00a0</p>\r\n<p align=\"center\" class=\" \">CAP\u00cdTULO IV</p>\r\n<p align=\"center\" class=\" \"><b>DO PODER EXECUTIVO</b></p>\r\n<p align=\"center\" class=\" \"><b>\u00a0</b></p>\r\n<p align=\"center\" class=\" \">SE\u00c7\u00c3O I</p>\r\n<p align=\"center\" class=\" \"><b>DO PREFEITO E DO VICE-PREFEITO</b></p>\r\n<p align=\"center\" class=\" \"><b>\u00a0</b></p>\r\n<p align=\"center\" class=\" \" style=\"text-align: left; \"><b></b><b style=\"text-align: justify; \">Art. 47.</b><span style=\"text-align: justify; \"> O Poder Executivo \u00e9 exercido pelo Prefeito, auxiliado pelos Secret\u00e1rios.</span></p>\r\n<p class=\" \" style=\"text-align: justify; \">\u00a0</p>\r\n<p class=\" \" style=\"text-align: justify; \"><b>Art. 48.</b> O Prefeito e o Vice-Prefeito ser\u00e3o eleitos para mandato de 04 (quatro) anos na forma disposta na legisla\u00e7\u00e3o eleitoral.</p>\r\n<p class=\" \" style=\"text-align: justify; \">\u00a0</p>\r\n<p class=\" \" style=\"text-align: justify; \"><b>Art. 49.</b> O Prefeito e o Vice-Prefeito tomar\u00e3o posse na sess\u00e3o solene de instala\u00e7\u00e3o da C\u00e2mara, ap\u00f3s a posse dos Vereadores, e prestar\u00e3o o compromisso de manter, defender e cumprir as Constitui\u00e7\u00f5es e as leis e administrar o Munic\u00edpio, visando o bem geral dos mun\u00edcipes.</p>\r\n<p class=\" \" style=\"text-align: justify; padding-left: 30px; \"><span><strong>Par\u00e1grafo \u00fanico</strong> \u2013 Se o Prefeito e o Vice-Prefeito n\u00e3o tomarem posse no prazo de 10 (dez) dias contados da data fixada, o cargo ser\u00e1 declarado vago pela C\u00e2mara de Vereadores, salvo motivo justo e comprovado.</span></p>\r\n<p class=\" \" style=\"text-align: justify; \">\u00a0</p>\r\n<p class=\" \" style=\"text-align: justify; \"><b>Art. 50.</b> O Vice-Prefeito substituir\u00e1 o Prefeito quando o mesmo estiver licenciado, impedido ou no gozo de f\u00e9rias regulamentares e suceder-lhe-\u00e1 no caso de vaga.</p>\r\n<p class=\" \" style=\"text-align: justify; padding-left: 30px; \"><span><strong>\u00a7 1\u00ba</strong> Em caso de impedimento do Prefeito e do Vice-Prefeito, caber\u00e1 ao Presidente da C\u00e2mara assumir o Executivo.</span></p>\r\n<p class=\" \" style=\"text-align: justify; padding-left: 30px; \"><span><strong>\u00a7 2\u00ba</strong> Havendo impedimento tamb\u00e9m do Presidente da C\u00e2mara, caber\u00e1 ao Prefeito designar servidor de sua confian\u00e7a para responder pelo expediente da Prefeitura, n\u00e3o podendo este servidor praticar atos de governo.</span></p>\r\n<p class=\" \" style=\"text-align: justify; padding-left: 30px; \"><span><strong>\u00a7 3\u00ba</strong> Igual designa\u00e7\u00e3o poder\u00e1 ser feita quando o Prefeito se afastar do Munic\u00edpio em per\u00edodos inferiores aos previstos no art. 30, IX, desta Lei.</span></p>\r\n<p class=\" \" style=\"text-align: justify; padding-left: 30px; \"><span><strong>\u00a7 4\u00ba</strong> Considera-se impedimento para os efeitos deste artigo, os afastamentos que dependem de autoriza\u00e7\u00e3o da C\u00e2mara salvo para o gozo de f\u00e9rias que deve, apenas, ser comunicada \u00e0 C\u00e2mara.</span></p>\r\n<p class=\" \" style=\"text-align: justify; \">\u00a0</p>\r\n<p class=\" \" style=\"text-align: justify; \"><b>Art. 51.</b> Vagando os cargos de Prefeito e Vice-Prefeito, realizar-se-\u00e1 elei\u00e7\u00e3o para os cargos vagos no prazo de 90 (noventa) dias ap\u00f3s a ocorr\u00eancia da \u00faltima vaga, sendo que os eleitos completar\u00e3o o mandato dos sucedidos.</p>\r\n<p class=\" \" style=\"text-align: justify; padding-left: 30px; \"><span><strong>Par\u00e1grafo \u00fanico</strong> \u2013 Ocorrendo a vac\u00e2ncia de ambos os cargos ap\u00f3s cumpridos \u00be (tr\u00eas quartos) do mandato do Prefeito, o Presidente da C\u00e2mara de Vereadores assumir\u00e1 o cargo por todo o per\u00edodo restante.</span></p>\r\n<p class=\" \" style=\"text-align: justify; \">\u00a0 \u00a0 \u00a0 \u00a0 \u00a0 \u00a0 \u00a0 \u00a0 \u00a0 \u00a0 \u00a0 \u00a0</p>\r\n<p align=\"center\" class=\" \">SE\u00c7\u00c3O II</p>\r\n<p align=\"center\" class=\" \"><strong>DAS ATRIBUI\u00c7\u00d5ES DO PREFEITO</strong></p>\r\n<p align=\"center\" class=\" \"><b>\u00a0</b></p>\r\n<p class=\" \" style=\"text-align: justify; \"><b>Art. 52.</b> Compete privativamente ao Prefeito:</p>\r\n<p class=\" \" style=\"text-align: justify; padding-left: 60px; \">I \u2013 representar o Munic\u00edpio em ju\u00edzo e fora dele;</p>\r\n<p class=\" \" style=\"text-align: justify; padding-left: 60px; \">II \u2013 nomear e exonerar os titulares dos cargos e fun\u00e7\u00f5es do Executivo, bem como, na forma da lei, nomear os diretores das autarquias e dirigentes das institui\u00e7\u00f5es das quais o Munic\u00edpio participe;</p>\r\n<p class=\" \" style=\"text-align: justify; padding-left: 60px; \">III \u2013 iniciar o processo legislativo na forma e nos casos previstos nesta Lei Org\u00e2nica;</p>\r\n<p class=\" \" style=\"text-align: justify; padding-left: 60px; \">IV \u2013 sancionar, promulgar e fazer publicar as leis, bem como expedir regulamentos para a fiel execu\u00e7\u00e3o das mesmas;</p>\r\n<p class=\" \" style=\"text-align: justify; padding-left: 60px; \">V \u2013 vetar projetos de lei;</p>\r\n<p class=\" \" style=\"text-align: justify; padding-left: 60px; \">VI - dispor, mediante decreto, sobre:</p>\r\n<p class=\" \" style=\"text-align: justify; padding-left: 90px; \"><strong>a)</strong> organiza\u00e7\u00e3o e funcionamento da administra\u00e7\u00e3o municipal, quando n\u00e3o implicar aumento de despesa nem cria\u00e7\u00e3o ou extin\u00e7\u00e3o de \u00f3rg\u00e3os p\u00fablicos;</p>\r\n<p class=\" \" style=\"text-align: justify; padding-left: 90px; \"><strong>b)</strong> extin\u00e7\u00e3o de fun\u00e7\u00f5es ou cargos p\u00fablicos, quando vagos.</p>\r\n<p class=\" \" style=\"text-align: justify; padding-left: 60px; \">VII \u2013 promover as desapropria\u00e7\u00f5es necess\u00e1rias \u00e0 Administra\u00e7\u00e3o Municipal, na forma da lei;</p>\r\n<p class=\" \" style=\"text-align: justify; padding-left: 60px; \">VIII \u2013 expedir todos os atos pr\u00f3prios da atividade administrativa;</p>\r\n<p class=\" \" style=\"text-align: justify; padding-left: 60px; \">IX \u2013 celebrar contratos de obras e servi\u00e7os, observada legisla\u00e7\u00e3o pr\u00f3pria, inclusive licita\u00e7\u00e3o, quando for o caso;</p>\r\n<p class=\" \" style=\"text-align: justify; padding-left: 60px; \">X \u2013 planejar e promover a execu\u00e7\u00e3o dos servi\u00e7os municipais;</p>\r\n<p class=\" \" style=\"text-align: justify; padding-left: 60px; \">XI \u2013 prover os cargos, fun\u00e7\u00f5es e empregos p\u00fablicos;</p>\r\n<p class=\" \" style=\"text-align: justify; padding-left: 60px; \">XII \u2013 encaminhar \u00e0 C\u00e2mara de Vereadores, nos prazos previstos nesta lei, os projetos de lei de natureza or\u00e7ament\u00e1ria;</p>\r\n<p class=\" \" style=\"text-align: justify; padding-left: 60px; \">XIII \u2013 encaminhar, anualmente, \u00e0 C\u00e2mara de Vereadores e ao Tribunal de Contas do Estado, at\u00e9 o dia 31 de mar\u00e7o as contas referentes \u00e0 gest\u00e3o financeira do exerc\u00edcio anterior;</p>\r\n<p class=\" \" style=\"text-align: justify; padding-left: 60px; \">XIV \u2013 prestar, no prazo de 30 (trinta) dias, as informa\u00e7\u00f5es solicitadas pela C\u00e2mara de Vereadores;</p>\r\n<p class=\" \" style=\"text-align: justify; padding-left: 60px; \">XV \u2013 colocar \u00e0 disposi\u00e7\u00e3o da C\u00e2mara de Vereadores, at\u00e9 o dia vinte de cada m\u00eas, o repasse solicitado pelo Presidente da C\u00e2mara, para\u00a0 pleno funcionamento do Legislativo, observados os limites constitucionais;</p>\r\n<p class=\" \" style=\"text-align: justify; padding-left: 60px; \">XVI \u2013 decidir sobre os requerimentos, reclama\u00e7\u00f5es ou representa\u00e7\u00f5es que lhe forem dirigidas em mat\u00e9ria da compet\u00eancia do Executivo Municipal;</p>\r\n<p class=\" \" style=\"text-align: justify; padding-left: 60px; \">XVII \u2013 oficializar e sinalizar, obedecidas as normas urban\u00edsticas, as vias e logradouros p\u00fablicos;</p>\r\n<p class=\" \" style=\"text-align: justify; padding-left: 60px; \">VIII \u2013 aprovar projetos de edifica\u00e7\u00e3o e de loteamento, desmembramento e zoneamento urbano ou para fins urbanos;</p>\r\n<p class=\" \" style=\"text-align: justify; padding-left: 60px; \">XIX \u2013 requisitar o aux\u00edlio da pol\u00edcia estadual para a garantia do cumprimento da lei e da ordem p\u00fablica;</p>\r\n<p class=\" \" style=\"text-align: justify; padding-left: 60px; \">XX \u2013 administrar os bens e rendas do Munic\u00edpio, promovendo o lan\u00e7amento, a fiscaliza\u00e7\u00e3o e a arrecada\u00e7\u00e3o dos tributos;</p>\r\n<p class=\" \" style=\"text-align: justify; padding-left: 60px; \">XXI \u2013 promover o ensino p\u00fablico;</p>\r\n<p class=\" \" style=\"text-align: justify; padding-left: 60px; \">XXII \u2013 propor a divis\u00e3o administrativa do Munic\u00edpio de acordo com a lei;</p>\r\n<p class=\" \" style=\"text-align: justify; padding-left: 60px; \">XXIII \u2013 decretar situa\u00e7\u00e3o de emerg\u00eancia ou estado de calamidade p\u00fablica.</p>\r\n<p class=\" \" style=\"text-align: justify; padding-left: 30px; \"><span><strong>Par\u00e1grafo \u00fanico</strong> \u2013 A doa\u00e7\u00e3o de bens p\u00fablicos, depender\u00e1 de pr\u00e9via autoriza\u00e7\u00e3o legislativa e a escritura respectiva dever\u00e1 conter cl\u00e1usula de revers\u00e3o no caso de descumprimento das condi\u00e7\u00f5es.</span></p>\r\n<p class=\" \" style=\"text-align: justify; \">\u00a0</p>\r\n<p class=\" \" style=\"text-align: justify; \"><b>Art. 53.</b> O Vice-Prefeito, al\u00e9m da responsabilidade de substituto e sucessor do Prefeito, cumprir\u00e1 as atribui\u00e7\u00f5es que lhe forem fixadas em lei e auxiliar\u00e1 o Chefe do Poder Executivo quando convocado por esse para miss\u00f5es especiais.</p>\r\n<p class=\" \" style=\"text-align: justify; \">\u00a0</p>\r\n<p class=\" \" style=\"text-align: justify; \"><b>Art. 54.</b> O Prefeito gozar\u00e1 f\u00e9rias anuais de 30 (trinta) dias, mediante comunica\u00e7\u00e3o \u00e0 C\u00e2mara de Vereadores do per\u00edodo escolhido.</p>\r\n<p class=\" \" style=\"text-align: justify; \">\u00a0</p>\r\n<p align=\"center\" class=\" \">SE\u00c7\u00c3O III</p>\r\n<p align=\"center\" class=\" \"><b>DA RESPONSABILIDADE E INFRA\u00c7\u00d5ES POL\u00cdTICO-ADMINISTRATIVAS</b></p>\r\n<p align=\"center\" class=\" \"><b>DO PREFEITO E VICE-PREFEITO</b></p>\r\n<p align=\"center\" class=\" \"><b>\u00a0</b></p>\r\n<p class=\" \" style=\"text-align: justify; \"><b>Art. 55.</b> Os crimes de responsabilidade do Prefeito e do Vice-Prefeito, bem como o processo de julgamento, s\u00e3o os definidos em lei federal.</p>\r\n<p class=\" \" style=\"text-align: justify; \"><b>Art. 56.</b> S\u00e3o infra\u00e7\u00f5es pol\u00edtico-administrativas do Prefeito e do Vice-Prefeito, sujeitas ao julgamento pela C\u00e2mara de Vereadores e sancionadas com a cassa\u00e7\u00e3o do mandato:</p>\r\n<p class=\" \" style=\"text-align: justify; padding-left: 60px; \">I \u2013 impedir o funcionamento regular da C\u00e2mara de Vereadores;</p>\r\n<p class=\" \" style=\"text-align: justify; padding-left: 60px; \">II \u2013 impedir o exame de documentos em geral por parte de Comiss\u00e3o Parlamentar de Inqu\u00e9rito ou auditoria oficial;</p>\r\n<p class=\" \" style=\"text-align: justify; padding-left: 60px; \">III \u2013 impedir a verifica\u00e7\u00e3o de obras e servi\u00e7os municipais por parte da Comiss\u00e3o Parlamentar de Inqu\u00e9rito ou per\u00edcia oficial;</p>\r\n<p class=\" \" style=\"text-align: justify; padding-left: 60px; \">IV \u2013 deixar de atender, sem motivo justo, no prazo legal, os pedidos de informa\u00e7\u00e3o da C\u00e2mara de Vereadores, legitimamente formalizados;</p>\r\n<p class=\" \" style=\"text-align: justify; padding-left: 60px; \">V \u2013 retardar a publica\u00e7\u00e3o ou deixar de publicar as leis e atos sujeitos a essa formalidade;</p>\r\n<p class=\" \" style=\"text-align: justify; padding-left: 60px; \">VI \u2013 deixar de apresentar \u00e0 C\u00e2mara, sem motivo justo, no prazo legal, os projetos do plano plurianual de investimentos, diretrizes or\u00e7ament\u00e1rias e or\u00e7amento anual;</p>\r\n<p class=\" \" style=\"text-align: justify; padding-left: 60px; \">VII \u2013 descumprir o or\u00e7amento anual;</p>\r\n<p class=\" \" style=\"text-align: justify; padding-left: 60px; \">VIII \u2013 assumir obriga\u00e7\u00f5es que envolvam despesas p\u00fablicas sem que haja suficiente recurso or\u00e7ament\u00e1rio na forma da Constitui\u00e7\u00e3o Federal;</p>\r\n<p class=\" \" style=\"text-align: justify; padding-left: 60px; \">IX \u2013 praticar, contra expressa disposi\u00e7\u00e3o de lei, ato de sua compet\u00eancia ou omitir-se na sua pr\u00e1tica;</p>\r\n<p class=\" \" style=\"text-align: justify; padding-left: 60px; \">X \u2013 omitir-se ou negligenciar na defesa de bens, rendas, direitos ou interesses do Munic\u00edpio, sujeitos \u00e0 administra\u00e7\u00e3o municipal;</p>\r\n<p class=\" \" style=\"text-align: justify; padding-left: 60px; \">XI \u2013 ausentar-se do Munic\u00edpio, por tempo superior ao previsto na lei, ou afastar-se do Munic\u00edpio sem autoriza\u00e7\u00e3o legislativa nos casos exigidos em lei;</p>\r\n<p class=\" \" style=\"text-align: justify; padding-left: 60px; \">XII \u2013 iniciar investimento sem as cautelas previstas no art. 74, \u00a7 1\u00ba, desta Lei;</p>\r\n<p class=\" \" style=\"text-align: justify; padding-left: 60px; \">XIII \u2013 proceder de modo incompat\u00edvel com a dignidade e o decoro do cargo;</p>\r\n<p class=\" \" style=\"text-align: justify; padding-left: 60px; \">XIV \u2013 tiver cassados os direitos pol\u00edticos ou for condenado por crime funcional ou eleitoral, sem a pena acess\u00f3ria da perda do cargo;</p>\r\n<p class=\" \" style=\"text-align: justify; padding-left: 60px; \">XV \u2013 incidir nos impedimentos estabelecidos no exerc\u00edcio do cargo e n\u00e3o se desincompatibilizar nos casos supervenientes e nos prazos fixados.</p>\r\n<p class=\" \" style=\"text-align: justify; \">\u00a0</p>\r\n<p class=\" \" style=\"text-align: justify; \"><b>Art. 57.</b> O processo de cassa\u00e7\u00e3o do mandato do Prefeito pela C\u00e2mara, por infra\u00e7\u00f5es definidas no artigo anterior, obedecer\u00e1 ao seguinte rito:</p>\r\n<p class=\" \" style=\"text-align: justify; padding-left: 60px; \">I \u2013 a den\u00fancia escrita da infra\u00e7\u00e3o poder\u00e1 ser feita por qualquer eleitor, com a exposi\u00e7\u00e3o dos fatos e a indica\u00e7\u00e3o das provas. Se o denunciado for Vereador, ficar\u00e1 impedido de votar e de integrar a Comiss\u00e3o processante, podendo, todavia, praticar todos os atos de acusa\u00e7\u00e3o. Se o denunciado for o Presidente da C\u00e2mara, passar\u00e1 a Presid\u00eancia ao substituto legal, para os atos do processo. Ser\u00e1 convocado o suplente do Vereador impedido de votar, o qual n\u00e3o poder\u00e1 integrar a Comiss\u00e3o processante;</p>\r\n<p class=\" \" style=\"text-align: justify; padding-left: 60px; \">II \u2013 de posse da den\u00fancia, o Presidente da C\u00e2mara, na primeira sess\u00e3o, determinar\u00e1 sua leitura e consultar\u00e1 a C\u00e2mara sobre o seu recebimento. Decidido o recebimento, pelo voto de dois ter\u00e7os, na mesma sess\u00e3o ser\u00e1 constitu\u00edda a Comiss\u00e3o processante, com tr\u00eas Vereadores sorteados entre os desimpedidos, os quais eleger\u00e3o, desde logo, o Presidente e o Relator;\u00a0</p>\r\n<p class=\" \" style=\"text-align: justify; padding-left: 60px; \">III \u2013 recebendo o processo, o Presidente da Comiss\u00e3o iniciar\u00e1 os trabalhos, dentro de cinco dias, notificando o denunciado, com a remessa de c\u00f3pia da den\u00fancia e documentos que a instru\u00edrem, para que, no prazo de dez dias, apresente defesa pr\u00e9via, por escrito, indique as provas que pretender produzir e arrole testemunhas, at\u00e9 o m\u00e1ximo de dez. Se estiver ausente do Munic\u00edpio, a notifica\u00e7\u00e3o far-se-\u00e1 por edital publicado duas vezes, no \u00f3rg\u00e3o oficial, com intervalo de tr\u00eas dias, pelo menos, contado o prazo da primeira publica\u00e7\u00e3o. Decorrido o prazo de defesa, a Comiss\u00e3o processante emitir\u00e1 parecer dentro de cinco dias, opinando pelo prosseguimento ou arquivamento da den\u00fancia, o qual, neste caso, ser\u00e1 submetido ao Plen\u00e1rio. Se a Comiss\u00e3o opinar pelo prosseguimento, o Presidente designar\u00e1 desde logo, o in\u00edcio da instru\u00e7\u00e3o, e determinar\u00e1 os atos, dilig\u00eancias e audi\u00eancias que se fizerem necess\u00e1rios, para o depoimento do denunciado e inquiri\u00e7\u00e3o das testemunhas;</p>\r\n<p class=\" \" style=\"text-align: justify; padding-left: 60px; \">IV \u2013 o denunciado dever\u00e1 ser intimado de todos os atos do processo, pessoalmente, ou na pessoa de seu procurador, com a anteced\u00eancia, pelo menos, de vinte e quatro horas, sendo-lhe permitido assistir as dilig\u00eancias e audi\u00eancias, bem como formular perguntas e reperguntas \u00e0s testemunhas e requerer o que for de interesse da defesa;</p>\r\n<p class=\" \" style=\"text-align: justify; padding-left: 60px; \">V - conclu\u00edda a instru\u00e7\u00e3o, ser\u00e1 aberta vista do processo ao denunciado, para raz\u00f5es escritas, no prazo de cinco dias, e ap\u00f3s, a Comiss\u00e3o processante emitir\u00e1 parecer final, pela proced\u00eancia ou improced\u00eancia da acusa\u00e7\u00e3o, e solicitar\u00e1 ao Presidente da C\u00e2mara a convoca\u00e7\u00e3o de sess\u00e3o para julgamento. Na sess\u00e3o de julgamento, o processo ser\u00e1 lido, integralmente, e, a seguir, os Vereadores que o desejarem poder\u00e3o manifestar-se verbalmente, pelo tempo m\u00e1ximo de quinze minutos cada um, e, ao final, o denunciado, ou seu procurador, ter\u00e1 o prazo de duas horas, para produzir sua defesa oral;</p>\r\n<p class=\" \" style=\"text-align: justify; padding-left: 60px; \">VI - conclu\u00edda a defesa, proceder-se-\u00e1 tantas vota\u00e7\u00f5es nominais, quantas forem as infra\u00e7\u00f5es articuladas na den\u00fancia. Considerar-se-\u00e1 afastado, definitivamente, do cargo, o denunciado que for declarado, pelo voto de dois ter\u00e7os, pelo menos, dos membros da C\u00e2mara, incurso em qualquer das infra\u00e7\u00f5es especificadas na den\u00fancia. Conclu\u00eddo o julgamento, o Presidente da C\u00e2mara proclamar\u00e1 imediatamente o resultado e far\u00e1 lavrar ata que consigne a vota\u00e7\u00e3o nominal sobre cada infra\u00e7\u00e3o, e, se houver condena\u00e7\u00e3o, expedir\u00e1 o competente decreto legislativo de cassa\u00e7\u00e3o do mandato de Prefeito. Se o resultado da vota\u00e7\u00e3o for absolut\u00f3rio, o Presidente determinar\u00e1 o arquivamento do processo. Em qualquer dos casos, o Presidente da C\u00e2mara comunicar\u00e1 \u00e0 Justi\u00e7a Eleitoral o resultado;</p>\r\n<p class=\" \" style=\"text-align: justify; padding-left: 60px; \">VII - o processo, a que se refere este artigo, dever\u00e1 estar conclu\u00eddo dentro de noventa dias, contados da data em que se efetivar a notifica\u00e7\u00e3o do acusado. Transcorrido o prazo sem o julgamento, o processo ser\u00e1 arquivado, sem preju\u00edzo de nova den\u00fancia ainda que sobre os mesmos fatos.</p>\r\n<p class=\" \" style=\"text-align: justify; \">\u00a0</p>\r\n<p class=\" \" style=\"text-align: justify; \"><b>Art. 58.</b> O Prefeito perder\u00e1 o mandato, assegurada ampla defesa:</p>\r\n<p class=\" \" style=\"text-align: justify; padding-left: 60px; \">I \u2013 por cassa\u00e7\u00e3o nos termos do artigo anterior, quando:</p>\r\n<p class=\" \" style=\"text-align: justify; padding-left: 90px; \"><strong>a)</strong> infringir qualquer das proibi\u00e7\u00f5es estabelecidas no art. 21, para os Vereadores;</p>\r\n<p class=\" \" style=\"text-align: justify; padding-left: 90px; \"><strong>b)</strong> infringir o disposto no inciso IX do art. 30;</p>\r\n<p class=\" \" style=\"text-align: justify; padding-left: 90px; \"><strong>c)</strong> atentar contra:</p>\r\n<p class=\" \" style=\"text-align: justify; padding-left: 120px; \">1 \u2013 a autonomia do Munic\u00edpio;</p>\r\n<p class=\" \" style=\"text-align: justify; padding-left: 120px; \">2 \u2013 o livre exerc\u00edcio da C\u00e2mara Municipal;</p>\r\n<p class=\" \" style=\"text-align: justify; padding-left: 120px; \">3 \u2013 o exerc\u00edcio dos direitos pol\u00edticos, individuais e sociais;</p>\r\n<p class=\" \" style=\"text-align: justify; padding-left: 120px; \">4 \u2013 a probidade na administra\u00e7\u00e3o;</p>\r\n<p class=\" \" style=\"text-align: justify; padding-left: 120px; \">5 \u2013 a lei or\u00e7ament\u00e1ria;</p>\r\n<p class=\" \" style=\"text-align: justify; padding-left: 120px; \">6 \u2013 o cumprimento das leis e das decis\u00f5es judiciais;</p>\r\n<p class=\" \" style=\"text-align: justify; padding-left: 60px; \"><span>II \u2013 por extin\u00e7\u00e3o, declarada pela Mesa da C\u00e2mara Municipal, quando:</span></p>\r\n<p class=\" \" style=\"text-align: justify; padding-left: 90px; \"><strong>a)</strong> sofrer condena\u00e7\u00e3o criminal em senten\u00e7a transitada em julgado;</p>\r\n<p class=\" \" style=\"text-align: justify; padding-left: 90px; \"><strong>b)</strong> perder ou tiver suspensos os direitos pol\u00edticos;</p>\r\n<p class=\" \" style=\"text-align: justify; padding-left: 90px; \"><strong>c)</strong> o decretar a Justi\u00e7a Eleitoral, nos casos previstos na Constitui\u00e7\u00e3o Federal;</p>\r\n<p class=\" \" style=\"text-align: justify; padding-left: 90px; \"><strong>d)</strong> ren\u00fancia por escrito, considerada tamb\u00e9m como tal o n\u00e3o comparecimento para a posse no prazo previsto nesta Lei Org\u00e2nica.</p>\r\n<p class=\" \" style=\"text-align: justify; padding-left: 30px; \"><span><strong>\u00a7 1\u00ba</strong> Comprovado o ato ou fato extintivo previsto neste artigo, o Presidente da C\u00e2mara, imediatamente, investir\u00e1 o Vice-Prefeito no cargo, como sucessor.</span></p>\r\n<p class=\" \" style=\"text-align: justify; padding-left: 30px; \"><strong>\u00a7 2\u00ba</strong> Sendo invi\u00e1vel a posse do Vice-Prefeito, o Presidente da C\u00e2mara assumir\u00e1 o cargo obedecido o disposto nesta Lei Org\u00e2nica.</p>\r\n<p class=\" \" style=\"text-align: justify; padding-left: 30px; \"><span><strong>\u00a7 3\u00ba</strong> A extin\u00e7\u00e3o do cargo e as provid\u00eancias tomadas pelo Presidente da C\u00e2mara dever\u00e3o ser comunicadas ao plen\u00e1rio, fazendo-se constar da ata.</span></p>\r\n<p class=\" \">\u00a0</p>\r\n<p align=\"center\" class=\" \">T\u00cdTULO II</p>\r\n<p align=\"center\" class=\" \"><b>DA ADMINISTRA\u00c7\u00c3O E DOS SERVIDORES MUNICIPAIS</b></p>\r\n<p align=\"center\" class=\" \"><b>\u00a0</b></p>\r\n<p align=\"center\" class=\" \">CAP\u00cdTULO I</p>\r\n<p align=\"center\" class=\" \"><b>DA ADMINISTRA\u00c7\u00c3O MUNICIPAL</b></p>\r\n<p align=\"center\" class=\" \"><b>\u00a0</b></p>\r\n<p class=\" \" style=\"text-align: justify; \"><b>Art. 59.</b> A Administra\u00e7\u00e3o Municipal obedecer\u00e1 as normas estabelecidas nos artigos 37 a 41 da Constitui\u00e7\u00e3o Federal al\u00e9m das fixadas na Constitui\u00e7\u00e3o do Estado e leis municipais.</p>\r\n<p class=\" \">\u00a0</p>\r\n<p align=\"center\" class=\" \">\u00a0CAP\u00cdTULO II</p>\r\n<p align=\"center\" class=\" \"><b>DOS SERVIDORES MUNICIPAIS</b></p>\r\n<p align=\"center\" class=\" \"><b>\u00a0</b></p>\r\n<p align=\"center\" class=\" \">SE\u00c7\u00c3O I</p>\r\n<p align=\"center\" class=\" \"><b>DOS SERVIDORES</b></p>\r\n<p align=\"center\" class=\" \"><b>\u00a0</b></p>\r\n<p class=\" \" style=\"text-align: justify; \"><b>Art. 60.</b> S\u00e3o servidores do Munic\u00edpio, todos os que ocupam cargos, fun\u00e7\u00f5es ou empregos da administra\u00e7\u00e3o direta, das autarquias e funda\u00e7\u00f5es de direito p\u00fablico, bem como os admitidos por contrato para atender necessidades tempor\u00e1rias de excepcional interesse do Munic\u00edpio, definidos em lei local.</p>\r\n<p class=\" \" style=\"text-align: justify; \">\u00a0</p>\r\n<p class=\" \" style=\"text-align: justify; \"><b>Art. 61.</b> Os direitos e deveres dos servidores p\u00fablicos do Munic\u00edpio ser\u00e3o disciplinados em lei ordin\u00e1ria, que instituir o regime jur\u00eddico.</p>\r\n<p class=\" \" style=\"text-align: justify; \">\u00a0</p>\r\n<p class=\" \" style=\"text-align: justify; \"><b>Art. 62.</b> O plano de carreira dos servidores municipais disciplinar\u00e1 a forma de acesso a classes superiores, com a ado\u00e7\u00e3o de crit\u00e9rios objetivos de avalia\u00e7\u00e3o, assegurado o sistema de promo\u00e7\u00e3o por antiguidade e merecimento.</p>\r\n<p class=\" \" style=\"text-align: justify; \">\u00a0</p>\r\n<p class=\" \" style=\"text-align: justify; \"><b>Art. 63.</b> O Munic\u00edpio instituir\u00e1 regime previdenci\u00e1rio de car\u00e1ter contributivo ou vincular-se-\u00e1 a regime previdenci\u00e1rio federal.</p>\r\n<p class=\" \" style=\"text-align: justify; padding-left: 30px; \"><span><strong>Par\u00e1grafo \u00fanico</strong> \u2013 Se o sistema previdenci\u00e1rio escolhido n\u00e3o assegurar proventos integrais aos servidores municipais, caber\u00e1 ao Munic\u00edpio instituir regime de previd\u00eancia complementar, nos termos da lei complementar (art. 40, \u00a7 15/CF).</span></p>\r\n<p class=\" \">\u00a0</p>\r\n<p align=\"center\" class=\" \">SE\u00c7\u00c3O II</p>\r\n<p align=\"center\" class=\" \"><b>DOS SECRET\u00c1RIOS</b></p>\r\n<p align=\"center\" class=\" \">\u00a0</p>\r\n<p class=\" \" style=\"text-align: justify; \"><b>Art. 64.</b> Os Secret\u00e1rios do Munic\u00edpio ser\u00e3o, solidariamente, respons\u00e1veis com o Prefeito, pelos atos lesivos ao er\u00e1rio municipal praticados na \u00e1rea de sua jurisdi\u00e7\u00e3o, quando decorrentes de dolo ou culpa.</p>\r\n<p class=\" \" style=\"text-align: justify; \">\u00a0</p>\r\n<p class=\" \" style=\"text-align: justify; \"><b>Art. 65.</b> Enquanto estiverem exercendo o cargo, os Secret\u00e1rios do Munic\u00edpio ficar\u00e3o sujeitos ao regime previdenci\u00e1rio adotado pelo Munic\u00edpio para os demais servidores municipais.</p>\r\n<p class=\" \">\u00a0</p>\r\n<p align=\"center\" class=\" \">CAP\u00cdTULO III</p>\r\n<p align=\"center\" class=\" \"><b>DAS LEIS OR\u00c7AMENT\u00c1RIAS</b></p>\r\n<p align=\"center\" class=\" \"><b>\u00a0</b></p>\r\n<p class=\" \" style=\"text-align: justify; \"><b>Art. 66.</b> A receita e a despesa p\u00fablica do Munic\u00edpio obedecer\u00e3o as seguintes leis, de iniciativa do Poder Executivo:</p>\r\n<p class=\" \" style=\"text-align: justify; padding-left: 60px; \">I \u2013 do plano plurianual;</p>\r\n<p class=\" \" style=\"text-align: justify; padding-left: 60px; \">II \u2013 das diretrizes or\u00e7ament\u00e1rias;</p>\r\n<p class=\" \" style=\"text-align: justify; padding-left: 60px; \">III \u2013 do or\u00e7amento anual.</p>\r\n<p class=\" \" style=\"text-align: justify; padding-left: 30px; \"><span><strong>\u00a7 1\u00ba</strong> O plano plurianual estabelecer\u00e1 os objetivos e metas dos programas da administra\u00e7\u00e3o municipal, compatibilizados, conforme o caso, com os planos previstos pelos Governos Federal e do Estado do Rio Grande do Sul.</span></p>\r\n<p class=\" \" style=\"text-align: justify; padding-left: 30px; \"><span><strong>\u00a7 2\u00ba</strong> O plano de diretrizes or\u00e7ament\u00e1rias, compatibilizado com o plano plurianual, compreender\u00e1 as prioridades da administra\u00e7\u00e3o do Munic\u00edpio para o exerc\u00edcio financeiro subseq\u00fcente, com vistas \u00e0 elabora\u00e7\u00e3o da proposta or\u00e7ament\u00e1ria anual, dispondo, ainda, quando for o caso, sobre as altera\u00e7\u00f5es da pol\u00edtica tribut\u00e1ria e tarif\u00e1ria do Munic\u00edpio.</span></p>\r\n<p class=\" \" style=\"text-align: justify; padding-left: 30px; \"><span><strong>\u00a7 3\u00ba</strong> O or\u00e7amento anual, compatibilizado com plano plurianual e elaborado em conformidade com a lei de diretrizes or\u00e7ament\u00e1rias, compreender\u00e1 as receitas e despesas dos Poderes do Munic\u00edpio, seus \u00f3rg\u00e3os e fundos.</span></p>\r\n<p class=\" \" style=\"text-align: justify; padding-left: 30px; \"><span><strong>\u00a7 4\u00ba</strong> O projeto de or\u00e7amento anual ser\u00e1 acompanhado:</span></p>\r\n<p class=\" \" style=\"text-align: justify; padding-left: 60px; \">I - da consolida\u00e7\u00e3o dos or\u00e7amentos das entidades que desenvolvem a\u00e7\u00f5es voltadas \u00e0 seguridade social, compreendendo as receitas e despesas relativas \u00e0 sa\u00fade, \u00e0 previd\u00eancia e assist\u00eancia social, inclu\u00eddas, obrigatoriamente, as oriundas de transfer\u00eancias e ser\u00e1 elaborado com base nos programas de trabalho dos \u00f3rg\u00e3os incumbidos de tais servi\u00e7os na administra\u00e7\u00e3o municipal;</p>\r\n<p class=\" \" style=\"text-align: justify; padding-left: 60px; \">II \u2013 de demonstrativo dos efeitos, sobre a receita e a despesa, decorrentes de isen\u00e7\u00f5es, anistias, remiss\u00f5es, subs\u00eddios e benef\u00edcios de natureza financeira, tribut\u00e1ria, tarif\u00e1ria e credit\u00edcia;</p>\r\n<p class=\" \" style=\"text-align: justify; padding-left: 60px; \">III \u2013 de quadros demonstrativos da receita e planos de aplica\u00e7\u00e3o das mesmas quando houver vincula\u00e7\u00e3o a determinado \u00f3rg\u00e3os, fundo ou despesa.</p>\r\n<p class=\" \" style=\"text-align: justify; padding-left: 30px; \"><span><strong>\u00a7 5\u00ba</strong> A lei or\u00e7ament\u00e1ria anual n\u00e3o conter\u00e1 dispositivo estranho \u00e0 previs\u00e3o da receita e \u00e0 fixa\u00e7\u00e3o da despesa, n\u00e3o se incluindo na proibi\u00e7\u00e3o:</span></p>\r\n<p class=\" \" style=\"text-align: justify; padding-left: 60px; \">I \u2013 autoriza\u00e7\u00e3o para a abertura de cr\u00e9ditos suplementares;</p>\r\n<p class=\" \" style=\"text-align: justify; padding-left: 60px; \">II \u2013 autoriza\u00e7\u00e3o para a contrata\u00e7\u00e3o de opera\u00e7\u00f5es de cr\u00e9dito, inclusive por antecipa\u00e7\u00e3o de receita, na forma da lei;</p>\r\n<p class=\" \" style=\"text-align: justify; padding-left: 30px; \"><span><strong>\u00a7 6\u00ba</strong> A lei or\u00e7ament\u00e1ria anual dever\u00e1 incluir na previs\u00e3o da receita, obrigatoriamente, sob pena de responsabilidade pol\u00edtico-administrativa do Prefeito, todos os recursos provenientes de transfer\u00eancias de qualquer natureza e de qualquer origem, feitas a favor do Munic\u00edpio, por pessoas f\u00edsicas e jur\u00eddicas, bem como propor as suas respectivas aplica\u00e7\u00f5es, como despesa or\u00e7ament\u00e1ria.</span></p>\r\n<p class=\" \" style=\"text-align: justify; padding-left: 30px; \"><span><strong>\u00a7 7\u00ba</strong> O Poder Executivo publicar\u00e1, at\u00e9 trinta dias ap\u00f3s o encerramento de cada bimestre, relat\u00f3rio resumido da execu\u00e7\u00e3o or\u00e7ament\u00e1ria.</span></p>\r\n<p class=\" \" style=\"text-align: justify; \">\u00a0</p>\r\n<p class=\" \" style=\"text-align: justify; \"><b>Art. 67.</b> Os projetos de lei previstos no caput do artigo anterior, ser\u00e3o enviados, pelo Prefeito Municipal \u00e0 C\u00e2mara de Vereadores, nos seguintes prazos, salvo se lei federal dispuser diferentemente:</p>\r\n<p class=\" \" style=\"text-align: justify; padding-left: 60px; \">I \u2013 o projeto do plano plurianual, que abranger\u00e1 4 (quatro) exerc\u00edcios at\u00e9 o dia trinta de abril do primeiro ano do mandato do Prefeito;</p>\r\n<p class=\" \" style=\"text-align: justify; padding-left: 60px; \">II \u2013 o projeto de lei das diretrizes or\u00e7ament\u00e1rias, anualmente, at\u00e9 o dia 15 de junho;\u00a0\u00a0\u00a0\u00a0\u00a0\u00a0\u00a0\u00a0\u00a0\u00a0\u00a0\u00a0\u00a0\u00a0\u00a0\u00a0\u00a0\u00a0\u00a0\u00a0\u00a0\u00a0\u00a0</p>\r\n<p class=\" \" style=\"text-align: justify; padding-left: 60px; \">III \u2013 o projeto de lei do or\u00e7amento anual, at\u00e9 o dia 30 de outubro de cada ano.</p>\r\n<p class=\" \" style=\"text-align: justify; \">\u00a0</p>\r\n<p class=\" \" style=\"text-align: justify; \"><b>Art. 68.</b> Os projetos de lei de que trata o artigo anterior, ap\u00f3s a aprecia\u00e7\u00e3o e delibera\u00e7\u00e3o da C\u00e2mara de Vereadores, dever\u00e3o ser devolvidos ao Poder Executivo, com vistas \u00e0 san\u00e7\u00e3o, nos prazos disciplinados pela norma competente.</p>\r\n<p class=\" \" style=\"text-align: justify; \">\u00a0</p>\r\n<p class=\" \" style=\"text-align: justify; \"><b>Art. 69.</b> O Prefeito Municipal poder\u00e1 encaminhar \u00e0 C\u00e2mara de Vereadores mensagem para propor modifica\u00e7\u00e3o nos projetos de lei previstos no art. 66 desta Lei Org\u00e2nica, enquanto n\u00e3o estiver conclu\u00edda a vota\u00e7\u00e3o da parte relativa \u00e0 altera\u00e7\u00e3o proposta.</p>\r\n<p class=\" \" style=\"text-align: justify; \">\u00a0</p>\r\n<p class=\" \" style=\"text-align: justify; \"><b>Art. 70.</b> As emendas aos projetos de lei relativos aos or\u00e7amentos anuais ou aos projetos que os modifiquem, somente poder\u00e3o ser aprovados, caso:</p>\r\n<p class=\" \" style=\"text-align: justify; padding-left: 60px; \">I \u2013 sejam compat\u00edveis com o plano plurianual e com a lei de diretrizes or\u00e7ament\u00e1rias;</p>\r\n<p class=\" \" style=\"text-align: justify; padding-left: 60px; \">II \u2013 indiquem os recursos financeiros necess\u00e1rios, admitidos apenas os provenientes da redu\u00e7\u00e3o de despesa, exclu\u00eddas as destinadas a:</p>\r\n<p class=\" \" style=\"text-align: justify; padding-left: 90px; \"><strong>a)</strong> pessoal e seus encargos;</p>\r\n<p class=\" \" style=\"text-align: justify; padding-left: 90px; \"><strong>b)</strong> servi\u00e7o de d\u00edvida;</p>\r\n<p class=\" \" style=\"text-align: justify; padding-left: 90px; \"><strong>c)</strong> educa\u00e7\u00e3o, no limite de 25%.</p>\r\n<p class=\" \" style=\"text-align: justify; padding-left: 60px; \">III \u2013 sejam relacionados com:</p>\r\n<p class=\" \" style=\"text-align: justify; padding-left: 90px; \"><strong>a)</strong> corre\u00e7\u00e3o de erros ou omiss\u00f5es;</p>\r\n<p class=\" \" style=\"text-align: justify; padding-left: 90px; \"><strong>b)</strong> com os dispositivos do texto do projeto de lei.</p>\r\n<p class=\" \" style=\"text-align: justify; \">\u00a0</p>\r\n<p class=\" \" style=\"text-align: justify; \"><b>Art. 71. </b>As emendas ao projeto de lei de diretrizes or\u00e7ament\u00e1rias n\u00e3o poder\u00e3o ser aprovadas quando incompat\u00edveis com o plano plurianual.</p>\r\n<p class=\" \" style=\"text-align: justify; \">\u00a0</p>\r\n<p class=\" \" style=\"text-align: justify; \"><b>Art. 72. </b>Aplicam-se aos projetos de lei mencionados nos artigos anteriores, no que n\u00e3o contrariarem o disposto nesta lei e na Constitui\u00e7\u00e3o Federal, as demais normas relativas ao processo legislativo.</p>\r\n<p class=\" \" style=\"text-align: justify; \">\u00a0</p>\r\n<p class=\" \" style=\"text-align: justify; \"><b>Art. 73.</b> Os recursos que, em decorr\u00eancia de veto, emenda ou rejei\u00e7\u00e3o do projeto de lei or\u00e7ament\u00e1ria anual, ficarem sem despesas correspondentes, poder\u00e3o ser utilizados como cobertura financeira para a abertura de cr\u00e9ditos suplementares e especiais, mediante pr\u00e9via e espec\u00edfica autoriza\u00e7\u00e3o legislativa.</p>\r\n<p class=\" \" style=\"text-align: justify; \">\u00a0</p>\r\n<p class=\" \" style=\"text-align: justify; \"><b>Art. 74. </b>S\u00e3o vedados:</p>\r\n<p class=\" \" style=\"text-align: justify; padding-left: 60px; \">I \u2013 o in\u00edcio de programas ou projetos n\u00e3o inclu\u00eddos na lei or\u00e7ament\u00e1ria anual;</p>\r\n<p class=\" \" style=\"text-align: justify; padding-left: 60px; \">II \u2013 a realiza\u00e7\u00e3o de despesas ou assun\u00e7\u00e3o de obriga\u00e7\u00f5es diretas que excedam os cr\u00e9ditos or\u00e7ament\u00e1rios ou adicionais;</p>\r\n<p class=\" \" style=\"text-align: justify; padding-left: 60px; \">III \u2013 a realiza\u00e7\u00e3o de opera\u00e7\u00f5es de cr\u00e9dito que excedam o montante das despesas de capital, ressalvadas as autoriza\u00e7\u00f5es mediante cr\u00e9ditos suplementares ou especiais com finalidade precisa, aprovados pela C\u00e2mara de Vereadores, por maioria absoluta;</p>\r\n<p class=\" \" style=\"text-align: justify; padding-left: 60px; \">IV \u2013 a vincula\u00e7\u00e3o da receita de impostos a \u00f3rg\u00e3os, fundo ou despesa, ressalvadas a destina\u00e7\u00e3o de recursos para as a\u00e7\u00f5es e servi\u00e7os p\u00fablicos de sa\u00fade, para a manuten\u00e7\u00e3o e desenvolvimento do ensino para a realiza\u00e7\u00e3o de atividades da administra\u00e7\u00e3o tribut\u00e1ria determinadas constitucionalmente e a presta\u00e7\u00e3o de garantias \u00e0s opera\u00e7\u00f5es de cr\u00e9dito por antecipa\u00e7\u00e3o de receita;</p>\r\n<p class=\" \" style=\"text-align: justify; padding-left: 60px; \">V \u2013 a abertura de cr\u00e9dito suplementar ou especial sem pr\u00e9via autoriza\u00e7\u00e3o legislativa e sem indica\u00e7\u00e3o dos recursos correspondentes;</p>\r\n<p class=\" \" style=\"text-align: justify; padding-left: 60px; \">VI \u2013 a transposi\u00e7\u00e3o, o remanejamento ou a transfer\u00eancia de recursos de uma categoria de programa\u00e7\u00e3o para outra, ou de um \u00f3rg\u00e3o para outro, sem pr\u00e9via autoriza\u00e7\u00e3o legislativa;</p>\r\n<p class=\" \" style=\"text-align: justify; padding-left: 60px; \">VII \u2013 a concess\u00e3o ou utiliza\u00e7\u00e3o de cr\u00e9ditos ilimitados;</p>\r\n<p class=\" \" style=\"text-align: justify; padding-left: 60px; \">VIII \u2013 a utiliza\u00e7\u00e3o, sem autoriza\u00e7\u00e3o legislativa espec\u00edfica, de recursos do Munic\u00edpio para suprir necessidade ou cobrir d\u00e9ficit de empresas ou qualquer entidade de que o Munic\u00edpio participe;</p>\r\n<p class=\" \" style=\"text-align: justify; padding-left: 60px; \">IX \u2013 a institui\u00e7\u00e3o de fundos de qualquer natureza, sem pr\u00e9via autoriza\u00e7\u00e3o legislativa.</p>\r\n<p class=\" \" style=\"text-align: justify; padding-left: 30px; \"><span><strong>\u00a7 1\u00ba</strong> Nenhum investimento cuja execu\u00e7\u00e3o ultrapasse um exerc\u00edcio financeiro poder\u00e1 ser iniciado sem pr\u00e9via inclus\u00e3o no plano plurianual, ou sem que lei autorize a inclus\u00e3o, sob pena de responsabilidade pol\u00edtico-administrativa. \u00a0 \u00a0 \u00a0 \u00a0</span></p>\r\n<p class=\" \" style=\"text-align: justify; padding-left: 30px; \"><span><strong>\u00a7 2\u00ba</strong> Os cr\u00e9ditos especiais e extraordin\u00e1rios ter\u00e3o vig\u00eancia no exerc\u00edcio financeiro em que forem autorizados, salvo se o ato de autoriza\u00e7\u00e3o for promulgado nos \u00faltimos 30 (trinta) dias daquele exerc\u00edcio, caso em que, reabertos nos limites de seus saldos, ser\u00e3o incorporados ao or\u00e7amento do exerc\u00edcio financeiro subseq\u00fcente.</span></p>\r\n<p class=\" \" style=\"text-align: justify; \">\u00a0</p>\r\n<p class=\" \" style=\"text-align: justify; \"><b>Art. 75.</b> A abertura de cr\u00e9ditos extraordin\u00e1rios somente ser\u00e1 admitida para atender a despesas imprevis\u00edveis e urgentes, como as decorrentes de calamidade p\u00fablica.</p>\r\n<p class=\" \" style=\"text-align: justify; padding-left: 30px; \"><strong>Par\u00e1grafo \u00fanico</strong> \u2013 Os cr\u00e9ditos extraordin\u00e1rios ser\u00e3o abertos por Decreto do Prefeito Municipal, o qual dever\u00e1 ser submetido \u00e0 aprova\u00e7\u00e3o da C\u00e2mara de Vereadores, no prazo de 30 (trinta) dias.</p>\r\n<p class=\" \" style=\"text-align: justify; \">\u00a0</p>\r\n<p class=\" \" style=\"text-align: justify; \"><b>Art. 76.</b> A despesa com pessoal ativo e inativo do Munic\u00edpio n\u00e3o poder\u00e1 exceder os limites estabelecidos em lei complementar federal.</p>\r\n<p class=\" \" style=\"text-align: justify; padding-left: 30px; \"><span><strong>Par\u00e1grafo \u00fanico</strong> \u2013 A concess\u00e3o de qualquer vantagem ou aumento de remunera\u00e7\u00e3o, a cria\u00e7\u00e3o de cargos ou altera\u00e7\u00e3o de estrutura de carreiras, bem como a admiss\u00e3o de pessoal a qualquer t\u00edtulo pelos \u00f3rg\u00e3os e entidades da administra\u00e7\u00e3o municipal direta e indireta, inclusive funda\u00e7\u00f5es institu\u00eddas ou mantidas pelo Munic\u00edpio, s\u00f3 poder\u00e3o ser feitas:</span></p>\r\n<p class=\" \" style=\"text-align: justify; padding-left: 60px; \">I \u2013 se houver pr\u00e9via dota\u00e7\u00e3o or\u00e7ament\u00e1ria suficiente para atender \u00e0s proje\u00e7\u00f5es de despesas de pessoal e os acr\u00e9scimos dela decorrentes;</p>\r\n<p class=\" \" style=\"text-align: justify; padding-left: 60px; \">II \u2013 se houver autoriza\u00e7\u00e3o espec\u00edfica na lei de diretrizes or\u00e7ament\u00e1rias, ressalvadas as empresas p\u00fablicas e sociedades de economia mista.<b></b></p>\r\n<p align=\"center\" class=\" \" style=\"text-align: justify; \"><b>\u00a0</b><b>\u00a0</b></p>\r\n<p align=\"center\" class=\" \">T\u00cdTULO III</p>\r\n<p align=\"center\" class=\" \"><b>DA ORDEM ECON\u00d4MICA E SOCIAL</b></p>\r\n<p align=\"center\" class=\" \"><b>\u00a0</b></p>\r\n<p align=\"center\" class=\" \">CAP\u00cdTULO I</p>\r\n<p align=\"center\" class=\" \"><b>DOS PROGRAMAS DE DESENVOLVIMENTO E OBRAS </b></p>\r\n<p align=\"center\" class=\" \"><b>\u00a0</b></p>\r\n<p class=\" \" style=\"text-align: justify; \"><b>Art. 77.</b> Valendo-se de sua autonomia e compet\u00eancia assegurada nas Constitui\u00e7\u00f5es Federal e Estadual, o Munic\u00edpio elaborar\u00e1 projetos ou programas de desenvolvimento local, atento aos princ\u00edpios gerais estabelecidos na Constitui\u00e7\u00e3o Federal, da atividade econ\u00f4mica, da pol\u00edtica urbana, da sa\u00fade p\u00fablica, da assist\u00eancia social, de educa\u00e7\u00e3o, da cultura e do desporto, do meio ambiente, da fam\u00edlia, do adolescente e do idoso.</p>\r\n<p class=\" \" style=\"text-align: justify; \">\u00a0</p>\r\n<p class=\" \" style=\"text-align: justify; \"><b>Art. 78.</b> Os projetos referidos no artigo anterior ser\u00e3o levados ao conhecimento das comunidades organizadas e diretamente vinculadas a cada campo de atua\u00e7\u00e3o, \u00e0s quais \u00e9 assegurado o acesso a todos os dados pertinentes a cada estudo ou projeto.</p>\r\n<p class=\" \" style=\"text-align: justify; \">\u00a0</p>\r\n<p class=\" \" style=\"text-align: justify; \"><b>Art. 79.</b> A pol\u00edtica do desenvolvimento urbano do Munic\u00edpio, observadas as diretrizes fixadas em lei federal, tem por finalidade ordenar o pleno desenvolvimento das fun\u00e7\u00f5es urbanas e garantir o bem-estar da comunidade local.</p>\r\n<p class=\" \" style=\"text-align: justify; padding-left: 30px; \"><span><strong>\u00a7 1\u00ba</strong> A implementa\u00e7\u00e3o dessas metas ter\u00e1 como objetivos gerais:</span></p>\r\n<p class=\" \" style=\"text-align: justify; padding-left: 60px; \">I \u2013 ordena\u00e7\u00e3o da expans\u00e3o urbana;</p>\r\n<p class=\" \" style=\"text-align: justify; padding-left: 60px; \">II \u2013 integra\u00e7\u00e3o urbano-rural;</p>\r\n<p class=\" \" style=\"text-align: justify; padding-left: 60px; \">III \u2013 preven\u00e7\u00e3o e a corre\u00e7\u00e3o das distor\u00e7\u00f5es do crescimento urbano;</p>\r\n<p class=\" \" style=\"text-align: justify; padding-left: 60px; \">IV \u2013 prote\u00e7\u00e3o, preserva\u00e7\u00e3o e recupera\u00e7\u00e3o do meio ambiente;</p>\r\n<p class=\" \" style=\"text-align: justify; padding-left: 60px; \">V \u2013 prote\u00e7\u00e3o, preserva\u00e7\u00e3o e recupera\u00e7\u00e3o dos patrim\u00f4nio hist\u00f3rico, art\u00edstico, tur\u00edstico, cultural e paisag\u00edstico;</p>\r\n<p class=\" \" style=\"text-align: justify; padding-left: 60px; \">VI \u2013 controle do uso do solo de modo a evitar:</p>\r\n<p class=\" \" style=\"text-align: justify; padding-left: 90px; \"><strong>a)</strong> o parcelamento do solo e a edifica\u00e7\u00e3o vertical excessivos com rela\u00e7\u00e3o aos equipamentos urbanos e comunit\u00e1rios existentes;</p>\r\n<p class=\" \" style=\"text-align: justify; padding-left: 90px; \"><strong>b)</strong> a ociosidade, subutiliza\u00e7\u00e3o ou n\u00e3o utiliza\u00e7\u00e3o do solo urbano edific\u00e1vel;</p>\r\n<p class=\" \" style=\"text-align: justify; padding-left: 90px; \"><strong>c)</strong> usos incompat\u00edveis ou inconvenientes.\u00a0\u00a0\u00a0</p>\r\n<p class=\" \" style=\"text-align: justify; padding-left: 30px; \"><span><strong>\u00a7 2\u00ba</strong> A pol\u00edtica de desenvolvimento urbano do Munic\u00edpio ser\u00e1 promovida pela ado\u00e7\u00e3o dos seguintes instrumentos:</span></p>\r\n<p class=\" \" style=\"text-align: justify; padding-left: 60px; \">I -\u00a0 lei de diretrizes urban\u00edsticas do Munic\u00edpio;</p>\r\n<p class=\" \" style=\"text-align: justify; padding-left: 60px; \">II \u2013 elabora\u00e7\u00e3o e execu\u00e7\u00e3o de plano diretor;</p>\r\n<p class=\" \" style=\"text-align: justify; padding-left: 60px; \">III -\u00a0 leis e planos de controle do uso, do parcelamento e da ocupa\u00e7\u00e3o do solo urbano;</p>\r\n<p class=\" \" style=\"text-align: justify; padding-left: 60px; \">IV \u2013 c\u00f3digo de obras e edifica\u00e7\u00f5es.</p>\r\n<p class=\" \" style=\"text-align: justify; \"><b>Art. 80.</b> A lei de diretrizes urban\u00edsticas do Munic\u00edpio compreender\u00e1 os princ\u00edpios gerais, os objetivos, a defini\u00e7\u00e3o de \u00e1reas de ordenamento priorit\u00e1rio e as de ordenamento deferido e normas gerais de orienta\u00e7\u00e3o dos planos diretor e de controle de uso, parcelamento e ocupa\u00e7\u00e3o do solo.</p>\r\n<p class=\" \" style=\"text-align: justify; \">\u00a0</p>\r\n<p class=\" \" style=\"text-align: justify; \"><b>Art. 81.</b> Os plano urban\u00edsticos, previstos nos incisos II e III do \u00a7 2\u00ba do art. 79, constituem os instrumentos b\u00e1sicos do processo de produ\u00e7\u00e3o, reprodu\u00e7\u00e3o e uso do espa\u00e7o urbano, mediante a defini\u00e7\u00e3o, entre outros, dos seguintes objetivos gerais:</p>\r\n<p class=\" \" style=\"text-align: justify; padding-left: 60px; \">I - controle do processo de urbaniza\u00e7\u00e3o, para assegurar-lhe equil\u00edbrio e evitar o despovoamento das \u00e1reas agr\u00edcolas ou pastoris;</p>\r\n<p class=\" \" style=\"text-align: justify; padding-left: 60px; \">II - organiza\u00e7\u00e3o das fun\u00e7\u00f5es da cidade, abrangendo habita\u00e7\u00e3o, trabalho, circula\u00e7\u00e3o, recrea\u00e7\u00e3o, democratiza\u00e7\u00e3o da conviv\u00eancia social e realiza\u00e7\u00e3o de vida urbana digna;</p>\r\n<p class=\" \" style=\"text-align: justify; padding-left: 60px; \">III \u2013 promo\u00e7\u00e3o de melhoramento na \u00e1rea rural, na medida necess\u00e1ria ao seu ajustamento ao crescimento dos n\u00facleos urbanos;</p>\r\n<p class=\" \" style=\"text-align: justify; padding-left: 60px; \">IV - estabelecimento de prescri\u00e7\u00f5es, usos, reservas e destinos de im\u00f3veis, \u00e1guas e \u00e1reas verdes.</p>\r\n<p class=\" \" style=\"text-align: justify; \">\u00a0</p>\r\n<p class=\" \" style=\"text-align: justify; \"><b>Art. 82.</b>\u00a0 A pol\u00edtica de desenvolvimento urbano do Munic\u00edpio ter\u00e1 como prioridade b\u00e1sica, no \u00e2mbito de sua compet\u00eancia, assegurar o direito de acesso \u00e0 moradia adequada com condi\u00e7\u00f5es m\u00ednimas de privacidade e seguran\u00e7a, atendidos os servi\u00e7os de transporte coletivo, saneamento b\u00e1sico, educa\u00e7\u00e3o, sa\u00fade, lazer e demais dispositivos de habitabilidade condigna.</p>\r\n<p class=\" \" style=\"text-align: justify; padding-left: 30px; \"><span><strong>\u00a7 1\u00ba</strong> O poder p\u00fablico municipal, inclusive mediante est\u00edmulo e apoio a entidades comunit\u00e1rias e a construtores privados, promover\u00e1 as condi\u00e7\u00f5es necess\u00e1rias, incluindo a execu\u00e7\u00e3o de planos e programas habitacionais, \u00e0 efetiva\u00e7\u00e3o desse direito.</span></p>\r\n<p class=\" \" style=\"text-align: justify; padding-left: 30px; \"><span><strong>\u00a7 2\u00ba</strong> A habita\u00e7\u00e3o ser\u00e1 tratada dentro do contexto do desenvolvimento urbano, de forma conjunta e articulada com os demais aspectos da cidade.</span></p>\r\n<p class=\" \" style=\"text-align: justify; \">\u00a0</p>\r\n<p class=\" \" style=\"text-align: justify; \"><b>Art. 83.</b>\u00a0 O c\u00f3digo de obras e edifica\u00e7\u00f5es conter\u00e1 normas edil\u00edcias relativas \u00e0s constru\u00e7\u00f5es no territ\u00f3rio municipal, consignando princ\u00edpios sobre seguran\u00e7a, funcionalidade, higiene, salubridade e est\u00e9tica das constru\u00e7\u00f5es, e definir\u00e1 regras sobre proporcionalidade entre ocupa\u00e7\u00e3o e equipamento urbano.</p>\r\n<p class=\" \">\u00a0</p>\r\n<p align=\"center\" class=\" \">CAP\u00cdTULO II</p>\r\n<p align=\"center\" class=\" \"><b>DA SA\u00daDE E ASSIST\u00caNCIA SOCIAL</b></p>\r\n<p align=\"center\" class=\" \"><b>\u00a0</b></p>\r\n<p class=\" \" style=\"text-align: justify; \"><b>Art. 84.</b> O Munic\u00edpio manter\u00e1, com a coopera\u00e7\u00e3o t\u00e9cnica e financeira da Uni\u00e3o e do Estado, servi\u00e7os de sa\u00fade p\u00fablica, higiene e saneamento a serem prestados \u00e0 popula\u00e7\u00e3o.</p>\r\n<p class=\" \" style=\"text-align: justify; padding-left: 30px; \"><strong>\u00a7 1\u00ba</strong> Visando a satisfa\u00e7\u00e3o do direito \u00e0 sa\u00fade, garantido na Constitui\u00e7\u00e3o Federal, o Munic\u00edpio, no \u00e2mbito de sua compet\u00eancia, assegurar\u00e1:</p>\r\n<p class=\" \" style=\"text-align: justify; padding-left: 60px; \">I - acesso universal e igualit\u00e1rio \u00e0s a\u00e7\u00f5es e servi\u00e7os de promo\u00e7\u00e3o, prote\u00e7\u00e3o e recupera\u00e7\u00e3o da sa\u00fade;</p>\r\n<p class=\" \" style=\"text-align: justify; padding-left: 60px; \">II - acessos a todas as informa\u00e7\u00f5es de interesse para a sa\u00fade;</p>\r\n<p class=\" \" style=\"text-align: justify; padding-left: 60px; \">III \u2013 participa\u00e7\u00e3o de entidades especializadas na elabora\u00e7\u00e3o de pol\u00edticas, na defini\u00e7\u00e3o de estrat\u00e9gias de implementa\u00e7\u00e3o, e no controle de atividades com impacto sobre a sa\u00fade p\u00fablica;</p>\r\n<p class=\" \" style=\"text-align: justify; padding-left: 60px; \">IV - dignidade e qualidade do atendimento.</p>\r\n<p class=\" \" style=\"text-align: justify; padding-left: 30px; \"><span><strong>\u00a7 2\u00ba</strong> Para a consecu\u00e7\u00e3o desses objetivos, o Munic\u00edpio promover\u00e1:</span></p>\r\n<p class=\" \" style=\"text-align: justify; padding-left: 60px; \">I \u2013 a implementa\u00e7\u00e3o e a manuten\u00e7\u00e3o da rede local de postos sa\u00fade, de higiene, ambulat\u00f3rios m\u00e9dicos, dep\u00f3sito de medicamentos e gabinetes dent\u00e1rios, com prioridade em favor das localidades e \u00e1reas rurais em que n\u00e3o haja servi\u00e7os federais ou estaduais correspondentes;</p>\r\n<p class=\" \" style=\"text-align: justify; padding-left: 60px; \">II - a presta\u00e7\u00e3o permanente de socorros de urg\u00eancia a doentes e acidentados, quando n\u00e3o existir na sede municipal servi\u00e7o federal ou estadual dessa natureza;</p>\r\n<p class=\" \" style=\"text-align: justify; padding-left: 60px; \">III -\u00a0 a triagem e o encaminhamento de insanos mentais e doentes desvalidos, quando n\u00e3o seja poss\u00edvel dar-lhes assist\u00eancia e tratamento com os recursos locais;</p>\r\n<p class=\" \" style=\"text-align: justify; padding-left: 60px; \">IV \u2013 a elabora\u00e7\u00e3o de planos e programas locais de sa\u00fade em harmonia com os sistemas nacional e estadual de sa\u00fade;</p>\r\n<p class=\" \" style=\"text-align: justify; padding-left: 60px; \">V \u2013 o controle e a fiscaliza\u00e7\u00e3o de procedimentos, produtos e subst\u00e2ncias de interesse para a sa\u00fade;</p>\r\n<p class=\" \" style=\"text-align: justify; padding-left: 60px; \">VI - a fiscaliza\u00e7\u00e3o e a inspe\u00e7\u00e3o de alimentos, compreendido o controle de seu teor nutricional, bem como bebidas e \u00e1guas para consumo humano;</p>\r\n<p class=\" \" style=\"text-align: justify; padding-left: 60px; \">VII \u2013 a participa\u00e7\u00e3o no controle e fiscaliza\u00e7\u00e3o da produ\u00e7\u00e3o, transporte, guarda e utiliza\u00e7\u00e3o de subst\u00e2ncias e produtos psicoativos, t\u00f3xicos e radioativos;</p>\r\n<p class=\" \" style=\"text-align: justify; padding-left: 60px; \">VIII - a participa\u00e7\u00e3o na formula\u00e7\u00e3o da pol\u00edtica e da execu\u00e7\u00e3o das a\u00e7\u00f5es de saneamento b\u00e1sico;</p>\r\n<p class=\" \" style=\"text-align: justify; padding-left: 60px; \">IX - a defesa do meio ambiente, nele compreendido o do trabalho.</p>\r\n<p class=\" \" style=\"text-align: justify; padding-left: 30px; \"><span><strong>\u00a7 3\u00ba</strong> As a\u00e7\u00f5es e servi\u00e7os de sa\u00fade do Munic\u00edpio ser\u00e3o desconcentrados nos distritos, onde se formar\u00e3o conselhos comunit\u00e1rios de sa\u00fade, nos termos da lei municipal.</span></p>\r\n<p class=\" \" style=\"text-align: justify; padding-left: 30px; \"><span><strong>\u00a7 4\u00ba</strong> A participa\u00e7\u00e3o popular nos conselhos comunit\u00e1rios de sa\u00fade e em outras formas previstas em lei ser\u00e1 gratuita e considerada servi\u00e7o social relevante.</span></p>\r\n<p class=\" \" style=\"text-align: justify; \">\u00a0</p>\r\n<p class=\" \" style=\"text-align: justify; \"><b>Art. 85.</b> A assist\u00eancia social ser\u00e1 prestada pelo Munic\u00edpio a quem necessitar, mediante articula\u00e7\u00e3o com os servi\u00e7os federais e estaduais cong\u00eaneres, tendo por objetivo:</p>\r\n<p class=\" \" style=\"text-align: justify; padding-left: 60px; \">I - a prote\u00e7\u00e3o \u00e0 maternidade, \u00e0 inf\u00e2ncia, \u00e0 adolesc\u00eancia e \u00e0 velhice;</p>\r\n<p class=\" \" style=\"text-align: justify; padding-left: 60px; \">II - a ajuda aos desvalidos e \u00e0s fam\u00edlias numerosas desprovidas de recursos;</p>\r\n<p class=\" \" style=\"text-align: justify; padding-left: 60px; \">III - a prote\u00e7\u00e3o e encaminhamento de menores abandonados;</p>\r\n<p class=\" \" style=\"text-align: justify; padding-left: 60px; \">IV - o recolhimento, encaminhamento e recupera\u00e7\u00e3o de desajustados e marginais;</p>\r\n<p class=\" \" style=\"text-align: justify; padding-left: 60px; \">V - o combate \u00e0 mendic\u00e2ncia e ao desemprego, mediante integra\u00e7\u00e3o ao mercado de trabalho;</p>\r\n<p class=\" \" style=\"text-align: justify; padding-left: 60px; \">VI - o agenciamento e a coloca\u00e7\u00e3o de m\u00e3o-de-obra local;</p>\r\n<p class=\" \" style=\"text-align: justify; padding-left: 60px; \">VII \u2013 a habilita\u00e7\u00e3o e reabilita\u00e7\u00e3o das pessoas portadoras de defici\u00eancia e a promo\u00e7\u00e3o de sua integra\u00e7\u00e3o na vida comunit\u00e1ria.</p>\r\n<p class=\" \" style=\"text-align: justify; padding-left: 30px; \"><span><strong>Par\u00e1grafo \u00fanico</strong> - \u00c9 facultado ao Munic\u00edpio no estrito interesse p\u00fablico:</span></p>\r\n<p class=\" \" style=\"text-align: justify; padding-left: 60px; \">I \u2013 conceder subven\u00e7\u00f5es a entidades assistenciais privadas declaradas de utilidade p\u00fablica por lei municipal;</p>\r\n<p class=\" \" style=\"text-align: justify; padding-left: 60px; \">II - firmar conv\u00eanio com entidade p\u00fablica ou privada para presta\u00e7\u00e3o de servi\u00e7os de assist\u00eancia social \u00e0 comunidade local;</p>\r\n<p class=\" \" style=\"text-align: justify; padding-left: 60px; \">III - estabelecer cons\u00f3rcio com outros Munic\u00edpios visando o desenvolvimento de servi\u00e7os comuns de sa\u00fade e assist\u00eancia social.</p>\r\n<p class=\" \">\u00a0</p>\r\n<p align=\"center\" class=\" \">CAP\u00cdTULO III</p>\r\n<p align=\"center\" class=\" \"><b>DA EDUCA\u00c7\u00c3O E CULTURA</b></p>\r\n<p align=\"center\" class=\" \"><b>\u00a0</b></p>\r\n<p class=\" \" style=\"text-align: justify; \"><b>Art. 86.</b> O Munic\u00edpio organizar\u00e1 e manter\u00e1 programas de educa\u00e7\u00e3o pr\u00e9-escolar e de ensino fundamental, observados os princ\u00edpios constitucionais sobre a educa\u00e7\u00e3o, as diretrizes e bases estabelecidas em lei federal e as disposi\u00e7\u00f5es suplementares da legisla\u00e7\u00e3o estadual.</p>\r\n<p class=\" \" style=\"text-align: justify; padding-left: 30px; \"><span><strong>\u00a7 1\u00ba</strong> O Munic\u00edpio somente atuar\u00e1 no ensino fundamental, na educa\u00e7\u00e3o infantil\u00a0 e na erradica\u00e7\u00e3o do analfabetismo por qualquer forma.</span></p>\r\n<p class=\" \" style=\"text-align: justify; padding-left: 30px; \"><span><strong>\u00a7 2\u00ba</strong> O programa de educa\u00e7\u00e3o e de ensino municipal dar\u00e1 especial aten\u00e7\u00e3o \u00e0s pr\u00e1ticas educacionais no meio rural.</span></p>\r\n<p class=\" \" style=\"text-align: justify; \">\u00a0</p>\r\n<p class=\" \" style=\"text-align: justify; \"><b>Art. 87.</b> O Munic\u00edpio aplicar\u00e1, anualmente, vinte e cinco por cento, no m\u00ednimo, da sua receita de impostos, compreendida a proveniente de transfer\u00eancias, na manuten\u00e7\u00e3o e desenvolvimento da educa\u00e7\u00e3o infantil e do ensino fundamental.</p>\r\n<p class=\" \" style=\"text-align: justify; padding-left: 30px; \"><strong>\u00a7 1\u00ba</strong> O Munic\u00edpio manter\u00e1 programas suplementares de material did\u00e1tico-escolar, transporte, alimenta\u00e7\u00e3o e assist\u00eancia \u00e0 sa\u00fade, destinados aos educandos de suas escolas.</p>\r\n<p class=\" \" style=\"text-align: justify; padding-left: 30px; \"><span><strong>\u00a7 2\u00ba</strong> Os recursos p\u00fablicos municipais ser\u00e3o destinados exclusivamente \u00e0s escolas mantidas pelo Munic\u00edpio.</span></p>\r\n<p class=\" \" style=\"text-align: justify; padding-left: 30px; \"><span><strong>\u00a7 3\u00ba</strong> O Munic\u00edpio publicar\u00e1, at\u00e9 o dia quinze de fevereiro de cada ano, o demonstrativo da aplica\u00e7\u00e3o dos recursos previstos neste artigo.</span></p>\r\n<p class=\" \" style=\"text-align: justify; \">\u00a0</p>\r\n<p class=\" \" style=\"text-align: justify; \"><b>Art. 88.</b> O Munic\u00edpio promover\u00e1 o desenvolvimento cultural da comunidade local, nos termos da Constitui\u00e7\u00e3o Federal, especialmente mediante:</p>\r\n<p class=\" \" style=\"text-align: justify; padding-left: 60px; \">I - oferecimento de est\u00edmulos concretos ao cultivo das ci\u00eancias, artes e letras;</p>\r\n<p class=\" \" style=\"text-align: justify; padding-left: 60px; \">II - a prote\u00e7\u00e3o aos locais e objetos de interesse hist\u00f3rico-cultural e paisag\u00edstico;</p>\r\n<p class=\" \" style=\"text-align: justify; padding-left: 60px; \">III - incentivo \u00e0 promo\u00e7\u00e3o e divulga\u00e7\u00e3o da hist\u00f3ria, dos valores humanos e das tradi\u00e7\u00f5es locais;</p>\r\n<p class=\" \" style=\"text-align: justify; padding-left: 60px; \">IV - cria\u00e7\u00e3o e manuten\u00e7\u00e3o de n\u00facleos culturais distritais e no meio rural e de espa\u00e7os p\u00fablicos devidamente equipados, segundo as possibilidades municipais, para a forma\u00e7\u00e3o e difus\u00e3o das express\u00f5es art\u00edstico-culturais populares;</p>\r\n<p class=\" \" style=\"text-align: justify; padding-left: 60px; \">V - cria\u00e7\u00e3o e manuten\u00e7\u00e3o de bibliotecas p\u00fablicas nos distritos e bairros da cidade.</p>\r\n<p class=\" \" style=\"text-align: justify; padding-left: 30px; \"><span><strong>Par\u00e1grafo \u00fanico -</strong> \u00c9 facultado ao Munic\u00edpio.</span></p>\r\n<p class=\" \" style=\"text-align: justify; padding-left: 60px; \">I \u2013 firmar conv\u00eanios de interc\u00e2mbio e coopera\u00e7\u00e3o financeira com entidades p\u00fablicas e privadas, para a presta\u00e7\u00e3o de orienta\u00e7\u00e3o e assist\u00eancia \u00e0 cria\u00e7\u00e3o e manuten\u00e7\u00e3o de bibliotecas p\u00fablicas na sede dos distritos e nos bairros;</p>\r\n<p class=\" \" style=\"text-align: justify; padding-left: 60px; \">II - prover, mediante incentivos especiais ou concess\u00e3o de pr\u00eamios e bolsas, atividades e estudos de interesse local, de natureza cient\u00edfica, liter\u00e1ria, art\u00edstica e s\u00f3cio-econ\u00f4mica.</p>\r\n<p class=\" \" style=\"text-align: justify; \">\u00a0</p>\r\n<p align=\"center\" class=\" \">CAP\u00cdTULO IV</p>\r\n<p align=\"center\" class=\" \"><b>DOS ESPORTES E LAZER</b></p>\r\n<p align=\"center\" class=\" \"><b>\u00a0</b></p>\r\n<p class=\" \" style=\"text-align: justify; \"><b>Art. 89.</b> O Munic\u00edpio apoiar\u00e1 e incrementar\u00e1 as pr\u00e1ticas esportivas na comunidade mediante est\u00edmulos especiais e aux\u00edlios materiais \u00e0s agremia\u00e7\u00f5es amadoras organizadas pela popula\u00e7\u00e3o em forma regular.</p>\r\n<p class=\" \" style=\"text-align: justify; \">\u00a0</p>\r\n<p class=\" \" style=\"text-align: justify; \"><b>Art. 90.</b> O Munic\u00edpio proporcionar\u00e1 meios de recrea\u00e7\u00e3o sadia e construtiva \u00e0 comunidade, mediante:</p>\r\n<p class=\" \" style=\"text-align: justify; padding-left: 60px; \">I - reserva de espa\u00e7os verdes ou livres, em forma de parques, bosques, jardins, (praias) e assemelhados, como base f\u00edsica da recrea\u00e7\u00e3o urbana;</p>\r\n<p class=\" \" style=\"text-align: justify; padding-left: 60px; \">II - constru\u00e7\u00e3o e equipamento de parques infantis, centros de juventude e edif\u00edcio de conviv\u00eancia comunit\u00e1ria;</p>\r\n<p class=\" \" style=\"text-align: justify; padding-left: 60px; \">III - aproveitamento de (rios, vales, colinas, montanhas, lagos, matas) e outros recursos naturais como locais de passeio e distra\u00e7\u00e3o;</p>\r\n<p class=\" \" style=\"text-align: justify; padding-left: 60px; \">IV \u2013 pr\u00e1ticas excursionistas dentro do territ\u00f3rio municipal de modo a p\u00f4r em permanente contato as popula\u00e7\u00f5es rural e urbana;</p>\r\n<p class=\" \" style=\"text-align: justify; padding-left: 60px; \">V \u2013 est\u00edmulo \u00e0 organiza\u00e7\u00e3o participativa da popula\u00e7\u00e3o rural na vida comunit\u00e1ria;</p>\r\n<p class=\" \" style=\"text-align: justify; padding-left: 60px; \">VI \u2013 programas especiais para divertimento e recrea\u00e7\u00e3o de pessoas idosas.</p>\r\n<p class=\" \" style=\"text-align: justify; padding-left: 30px; \"><span><strong>Par\u00e1grafo \u00fanico \u2013</strong> O planejamento da recrea\u00e7\u00e3o pelo Munic\u00edpio dever\u00e1 adotar, entre outros, os seguintes padr\u00f5es:</span></p>\r\n<p class=\" \" style=\"text-align: justify; padding-left: 60px; \">I \u2013 economia de constru\u00e7\u00e3o e manuten\u00e7\u00e3o;</p>\r\n<p class=\" \" style=\"text-align: justify; padding-left: 60px; \">II - possibilidade de f\u00e1cil aproveitamento, pelo p\u00fablico, das \u00e1reas de recrea\u00e7\u00e3o;</p>\r\n<p class=\" \" style=\"text-align: justify; padding-left: 60px; \">III - facilidade de acesso, de funcionamento, de fiscaliza\u00e7\u00e3o, sem preju\u00edzo da seguran\u00e7a;</p>\r\n<p class=\" \" style=\"text-align: justify; padding-left: 60px; \">IV - aproveitamento dos aspectos art\u00edsticos das belezas naturais;</p>\r\n<p class=\" \" style=\"text-align: justify; padding-left: 60px; \">V - cria\u00e7\u00e3o de centros de lazer no meio rural.</p>\r\n<p class=\" \" style=\"text-align: justify; \">\u00a0</p>\r\n<p class=\" \" style=\"text-align: justify; \"><b>Art. 91.</b> Os servi\u00e7os municipais de esportes e recrea\u00e7\u00e3o articular-se-\u00e3o com as atividades culturais do Munic\u00edpio, visando a implanta\u00e7\u00e3o e o desenvolvimento do turismo.</p>\r\n<p class=\" \" style=\"text-align: justify; \">\u00a0</p>\r\n<p class=\" \" style=\"text-align: justify; \"><b>Art. 92.</b> O Munic\u00edpio promover\u00e1 os meios necess\u00e1rios para a satisfa\u00e7\u00e3o do direito de todos a um meio ambiente ecologicamente equilibrado, nos termos da Constitui\u00e7\u00e3o Federal.</p>\r\n<p class=\" \" style=\"text-align: justify; padding-left: 30px; \"><span><strong>\u00a7 1\u00ba</strong> As pr\u00e1ticas educacionais, culturais, desportivas e recreativas municipais ter\u00e3o como um de seus aspectos fundamentais a preserva\u00e7\u00e3o do meio ambiente e da qualidade de vida da popula\u00e7\u00e3o local.</span></p>\r\n<p class=\" \" style=\"text-align: justify; padding-left: 30px; \"><span><strong>\u00a7 2\u00ba</strong> As escolas municipais manter\u00e3o disciplina de educa\u00e7\u00e3o ambiental e de conscientiza\u00e7\u00e3o p\u00fablica para a preserva\u00e7\u00e3o do meio ambiente.</span></p>\r\n<p class=\" \" style=\"text-align: justify; \">\u00a0</p>\r\n<p class=\" \" style=\"text-align: justify; \"><b>Art. 93.</b> O Munic\u00edpio, com a colabora\u00e7\u00e3o da comunidade, tomar\u00e1 todas as provid\u00eancias necess\u00e1rias para:</p>\r\n<p class=\" \" style=\"text-align: justify; padding-left: 60px; \">I - proteger a fauna e a flora, assegurando a diversidade das esp\u00e9cies e dos ecossistemas, de modo a preservar, em seu territ\u00f3rio, o patrim\u00f4nio gen\u00e9tico;</p>\r\n<p class=\" \" style=\"text-align: justify; padding-left: 60px; \">II - evitar, no seu territ\u00f3rio, a extin\u00e7\u00e3o das esp\u00e9cies;</p>\r\n<p class=\" \" style=\"text-align: justify; padding-left: 60px; \">III - prevenir e controlar a polui\u00e7\u00e3o, a eros\u00e3o e o assoreamento;</p>\r\n<p class=\" \" style=\"text-align: justify; padding-left: 60px; \">IV - exigir estudo pr\u00e9vio de impacto ambiental, para a instala\u00e7\u00e3o ou atividade potencialmente causadora de degrada\u00e7\u00e3o ambiental, especialmente de pedreiras dentro de n\u00facleos urbanos;</p>\r\n<p class=\" \" style=\"text-align: justify; padding-left: 60px; \">V - exigir a recomposi\u00e7\u00e3o do ambiente degradado por condutas ou atividades il\u00edcitas ou n\u00e3o, sem preju\u00edzo de outras san\u00e7\u00f5es cab\u00edveis;</p>\r\n<p class=\" \" style=\"text-align: justify; padding-left: 60px; \">VI - definir san\u00e7\u00f5es municipais aplic\u00e1veis nos casos de degrada\u00e7\u00e3o do meio ambiente.\u00a0\u00a0\u00a0\u00a0\u00a0\u00a0\u00a0\u00a0\u00a0\u00a0</p>\r\n<p align=\"center\" class=\" \" style=\"text-align: justify; \"><b>\u00a0</b><b>\u00a0</b></p>\r\n<p align=\"center\" class=\" \"><b>CAP\u00cdTULO IV</b></p>\r\n<p align=\"center\" class=\" \"><i>(adicionado pela Emenda \u00e0 Lei Org\u00e2nica n\u00b0 04/2015)</i></p>\r\n<p align=\"center\" class=\" \"><b>\u00a0</b></p>\r\n<p align=\"center\" class=\" \"><b>DOS SERVI\u00c7OS MUNICIPAIS</b></p>\r\n<p align=\"center\" class=\" \"><b>\u00a0</b></p>\r\n<p class=\" \" style=\"text-align: justify; \"><b>Art. 93-A.</b> As concess\u00f5es a terceiros, para execu\u00e7\u00e3o de servi\u00e7os p\u00fablicos, ser\u00e3o feitas mediante contrato, ap\u00f3s pr\u00e9via licita\u00e7\u00e3o, observadas as normas pertinentes estabelecidas na legisla\u00e7\u00e3o federal e estadual.</p>\r\n<p class=\" \" style=\"text-align: justify; \">\u00a0\u00a0\u00a0\u00a0\u00a0\u00a0\u00a0\u00a0\u00a0\u00a0\u00a0\u00a0\u00a0\u00a0\u00a0\u00a0\u00a0\u00a0\u00a0\u00a0\u00a0\u00a0\u00a0</p>\r\n<p class=\" \" style=\"text-align: justify; \"><b>Art. 93-B.</b> As permiss\u00f5es a terceiros, para execu\u00e7\u00e3o de servi\u00e7os p\u00fablicos, ser\u00e3o sempre outorgadas a t\u00edtulo prec\u00e1rio, mediante lei municipal.</p>\r\n<p class=\" \" style=\"text-align: justify; \">\u00a0\u00a0\u00a0\u00a0\u00a0\u00a0\u00a0\u00a0\u00a0\u00a0\u00a0\u00a0\u00a0\u00a0\u00a0\u00a0\u00a0\u00a0\u00a0\u00a0\u00a0\u00a0\u00a0</p>\r\n<p class=\" \" style=\"text-align: justify; \"><b>Art. 93-C.</b> O transporte coletivo \u00e9 servi\u00e7o p\u00fablico de compet\u00eancia do Munic\u00edpio, que o executar\u00e1 diretamente ou sob regime de concess\u00e3o ou permiss\u00e3o, observadas a licita\u00e7\u00e3o e a legisla\u00e7\u00e3o pertinente, garantindo uma tarifa justa, que atenta ao equil\u00edbrio da equa\u00e7\u00e3o financeira do servi\u00e7o.</p>\r\n<p class=\" \" style=\"text-align: justify; padding-left: 30px; \"><strong>Par\u00e1grafo \u00fanico.</strong> A lei que disciplinar\u00e1 o transporte coletivo dispor\u00e1 sobre:</p>\r\n<p class=\" \" style=\"text-align: justify; padding-left: 60px; \">I - o regime das empresas concession\u00e1rias ou permission\u00e1rias do servi\u00e7o p\u00fablico;</p>\r\n<p class=\" \" style=\"text-align: justify; padding-left: 60px; \">II - o car\u00e1ter dos contratos e de sua prorroga\u00e7\u00e3o, bem como a fiscaliza\u00e7\u00e3o e os casos de rescis\u00e3o;</p>\r\n<p class=\" \" style=\"text-align: justify; padding-left: 60px; \">III - os crit\u00e9rios de prefer\u00eancia e os casos de prioridade para novas linhas;</p>\r\n<p class=\" \" style=\"text-align: justify; padding-left: 60px; \">IV - os direitos dos usu\u00e1rios;</p>\r\n<p class=\" \" style=\"text-align: justify; padding-left: 60px; \">V - a pol\u00edtica tarif\u00e1ria.</p>\r\n<p class=\" \" style=\"text-align: justify; \">\u00a0\u00a0\u00a0\u00a0\u00a0\u00a0\u00a0\u00a0\u00a0\u00a0\u00a0\u00a0\u00a0\u00a0\u00a0\u00a0\u00a0\u00a0\u00a0\u00a0\u00a0\u00a0\u00a0</p>\r\n<p class=\" \" style=\"text-align: justify; \"><b>Art. 93-D.</b> Ser\u00e3o nulas de pleno direito as concess\u00f5es e permiss\u00f5es realizadas em desacordo com o estabelecido nos artigos antecedentes.</p>\r\n<p class=\" \" style=\"text-align: justify; padding-left: 30px; \"><b>\u00a7 1\u00b0</b> Os servi\u00e7os concedidos ou permitidos ficar\u00e3o sempre sujeitos \u00e0 fiscaliza\u00e7\u00e3o do munic\u00edpio, incumbindo aos que os executem sua atualiza\u00e7\u00e3o e adequa\u00e7\u00e3o \u00e0s necessidades dos usu\u00e1rios, observada, quanto aos primeiros, a legisla\u00e7\u00e3o federal.</p>\r\n<p class=\" \" style=\"text-align: justify; padding-left: 30px; \"><b>\u00a7 2\u00b0</b> Nas licita\u00e7\u00f5es para concess\u00e3o de servi\u00e7os p\u00fablicos, a publicidade dever\u00e1 ser ampla.</p>\r\n<p class=\" \" style=\"text-align: justify; \">\u00a0\u00a0\u00a0\u00a0\u00a0\u00a0\u00a0\u00a0\u00a0\u00a0\u00a0\u00a0\u00a0\u00a0\u00a0\u00a0\u00a0\u00a0\u00a0\u00a0\u00a0\u00a0\u00a0</p>\r\n<p class=\" \" style=\"text-align: justify; \"><b>Art. 93-E.</b> O servi\u00e7o de transporte individual remunerado de passageiros atrav\u00e9s de t\u00e1xi e de motot\u00e1xi, prestado no Munic\u00edpio de Pinto Bandeira, \u00e9 declarado como servi\u00e7o p\u00fablico em sentido estrito, podendo ser prestado diretamente ou sob regime de concess\u00e3o ou permiss\u00e3o, sempre atrav\u00e9s de licita\u00e7\u00e3o, nos termos da legisla\u00e7\u00e3o vigente.\"\u00a0\u00a0\u00a0\u00a0\u00a0\u00a0\u00a0\u00a0\u00a0</p>\r\n<p class=\" \" style=\"text-align: justify; \"><b>\u00a0</b></p>\r\n<p align=\"center\" class=\" \"><b>T\u00cdTULO IV</b></p>\r\n<p align=\"center\" class=\" \"><b>DAS DISPOSI\u00c7\u00d5ES FINAIS </b></p>\r\n<p align=\"center\" class=\" \"><b>\u00a0</b></p>\r\n<p class=\" \" style=\"text-align: justify; \"><b>Art. 94.</b> Esta Lei Org\u00e2nica, aprovada pela C\u00e2mara Municipal e assinada por todos os Vereadores que comp\u00f5em a Mesa Diretora, entra em vigor na data de sua publica\u00e7\u00e3o.</p>\r\n<p class=\" \" style=\"text-align: justify; \">\u00a0</p>\r\n<p class=\" \" style=\"text-align: justify; \">\u00a0</p>\r\n<p class=\" \" style=\"text-align: justify; \"><b>C\u00e2mara Municipal de Vereadores de Pinto Bandeira</b>, aos quinze dias do m\u00eas de janeiro do ano de dois mil e treze.</p>", "author_name": "rubbo", "version": "1.0", "author_url": "https://www.pintobandeira.rs.leg.br/author/rubbo", "provider_name": "C\u00e2mara Municipal de Pinto Bandeira - RS", "type": "rich"}