{"provider_url": "https://www.pintobandeira.rs.leg.br", "title": "Regimento Interno", "html": "<p class=\" \">\u00a0</p>\r\n<p class=\" \" style=\"text-align: center; \"><strong>\u00cd N D I C E</strong></p>\r\n<p class=\" \" style=\"text-align: center; \">\u00a0</p>\r\n<p class=\" \" style=\"text-align: center; \">T\u00cdTULO I</p>\r\n<p class=\" \" style=\"text-align: center; \"><strong>Da C\u00e2mara Municipal</strong></p>\r\n<p class=\" \">CAP\u00cdTULO I -\u00a0<span>Disposi\u00e7\u00f5es Preliminares (arts. 1\u00ba a 6\u00ba)</span></p>\r\n<p class=\" \">CAP\u00cdTULO II -\u00a0<span>Da Instala\u00e7\u00e3o da Legislatura e da Sess\u00e3o Legislativa (arts. 7\u00ba a 11)</span></p>\r\n<p class=\" \">CAP\u00cdTULO III -\u00a0<span>Dos Vereadores</span></p>\r\n<p class=\" \" style=\"padding-left: 30px; \">SE\u00c7\u00c3O I -\u00a0<span>Do Exerc\u00edcio do Mandato (arts.12 a16)</span></p>\r\n<p class=\" \" style=\"padding-left: 30px; \">SE\u00c7\u00c3O II -\u00a0<span>Da Licen\u00e7a e da Substitui\u00e7\u00e3o (arts.17 a19)</span></p>\r\n<p class=\" \" style=\"padding-left: 30px; \">SE\u00c7\u00c3O III -\u00a0<span>Da Vaga de Vereador (arts.20 a23)</span></p>\r\n<p class=\" \" style=\"padding-left: 30px; \">SE\u00c7\u00c3O IV -\u00a0<span>Dos Subs\u00eddios e do Ressarcimento de Despesas (arts.24 a27)</span></p>\r\n<p class=\" \" style=\"text-align: center; \">\u00a0</p>\r\n<p class=\" \" style=\"text-align: center; \">\u00a0<span>T\u00cdTULO II</span></p>\r\n<p class=\" \" style=\"text-align: center; \"><strong>Dos \u00d3rg\u00e3os da C\u00e2mara</strong></p>\r\n<p class=\" \">CAP\u00cdTULO I -\u00a0<span>Da Mesa (arts.28 a31)</span></p>\r\n<p class=\" \">CAP\u00cdTULO II -\u00a0<span>Do Presidente e do Vice-Presidente (arts.32 a36)</span></p>\r\n<p class=\" \">CAP\u00cdTULO III -\u00a0<span>Dos Secret\u00e1rios (art.s. 37 e 38)</span></p>\r\n<p class=\" \">CAP\u00cdTULO IV -\u00a0<span>Dos L\u00edderes (arts. 39 e 40)</span></p>\r\n<p class=\" \">CAP\u00cdTULO V -\u00a0<span>Das Comiss\u00f5es (arts.41 a44)</span></p>\r\n<p class=\" \" style=\"padding-left: 30px; \">SE\u00c7\u00c3O I -\u00a0<span>Das Comiss\u00f5es Permanentes (arts.45 a56)</span></p>\r\n<p class=\" \" style=\"padding-left: 30px; \">SE\u00c7\u00c3O II -\u00a0<span>Das Comiss\u00f5es Tempor\u00e1rias (arts.57 a59)</span></p>\r\n<p class=\" \" style=\"padding-left: 30px; \">SE\u00c7\u00c3O III -\u00a0<span>Da Comiss\u00e3o Especial (art. 60)</span></p>\r\n<p class=\" \" style=\"padding-left: 30px; \">SE\u00c7\u00c3O IV -\u00a0<span>Da Comiss\u00e3o de Inqu\u00e9rito (art. 61)</span></p>\r\n<p class=\" \" style=\"padding-left: 30px; \">SE\u00c7\u00c3O V -\u00a0<span>Da Comiss\u00e3o de Representa\u00e7\u00e3o Externa (art. 62)</span></p>\r\n<p class=\" \" style=\"padding-left: 30px; \">SE\u00c7\u00c3O VI -\u00a0<span>Da Comiss\u00e3o Representativa (arts. 63 e 64)</span></p>\r\n<p class=\" \" style=\"padding-left: 30px; \">SE\u00c7\u00c3O VII -\u00a0<span>Dos Pareceres (arts. 65 e 66)</span></p>\r\n<p align=\"center\" class=\" \">\u00a0</p>\r\n<p align=\"center\" class=\" \">T\u00cdTULO III</p>\r\n<p align=\"center\" class=\" \"><strong>Das Sess\u00f5es</strong></p>\r\n<p class=\" \">CAP\u00cdTULO I -\u00a0<span>Disposi\u00e7\u00f5es Preliminares (arts.67 a73)</span></p>\r\n<p class=\" \">CAP\u00cdTULO II -\u00a0<span>Do \u201cQuorum\u201d (arts.74 a76)</span></p>\r\n<p class=\" \">CAP\u00cdTULO III -\u00a0<span>Das Sess\u00f5es Ordin\u00e1rias</span></p>\r\n<p class=\" \" style=\"padding-left: 30px; \">SE\u00c7\u00c3O I -\u00a0<span>Disposi\u00e7\u00f5es Preliminares (art. 77)</span></p>\r\n<p class=\" \" style=\"padding-left: 30px; \">SE\u00c7\u00c3O II -\u00a0<span>Da Divis\u00e3o da Sess\u00e3o Ordin\u00e1ria (art.78)</span></p>\r\n<p class=\" \" style=\"padding-left: 30px; \">SE\u00c7\u00c3O III -\u00a0<span>Das Inscri\u00e7\u00f5es (arts.79 a81)</span></p>\r\n<p class=\" \" style=\"padding-left: 30px; \"><span></span><span>SE\u00c7\u00c3O IV -\u00a0</span><span>Da Dura\u00e7\u00e3o dos Discursos (art. 82)</span></p>\r\n<p class=\" \" style=\"padding-left: 30px; \">SE\u00c7\u00c3O V -\u00a0<span>Do Aparte (arts. 83 e 84)</span></p>\r\n<p class=\" \" style=\"padding-left: 30px; \">SE\u00c7\u00c3O VI -\u00a0<span>Da Suspens\u00e3o da Sess\u00e3o (art. 85)</span></p>\r\n<p class=\" \" style=\"padding-left: 30px; \">SE\u00c7\u00c3O VII -\u00a0<span>Da Prorroga\u00e7\u00e3o da Sess\u00e3o (art. 86)</span></p>\r\n<p class=\" \">CAP\u00cdTULO IV -\u00a0<span>Da Sess\u00e3o Extraordin\u00e1ria (arts.87 a90)</span></p>\r\n<p class=\" \">CAP\u00cdTULO V -\u00a0<span>Da Sess\u00e3o Secreta (arts. 91 e 92)</span></p>\r\n<p class=\" \">CAP\u00cdTULO VI -\u00a0<span>Da Sess\u00e3o Solene (art. 93)</span></p>\r\n<p class=\" \">CAP\u00cdTULO VII -\u00a0<span>Da Sess\u00e3o Especial (art. 94)</span></p>\r\n<p class=\" \">CAP\u00cdTULO VIII -\u00a0<span>Da Ata da Sess\u00e3o (arts. 95 e 96)</span></p>\r\n<p align=\"center\" class=\" \">\u00a0</p>\r\n<p align=\"center\" class=\" \">T\u00cdTULO IV</p>\r\n<p align=\"center\" class=\" \"><strong>Do Processo Legislativo</strong></p>\r\n<p class=\" \">CAP\u00cdTULO I -\u00a0<span>Da Ordem do Dia (arts.97 a102)</span></p>\r\n<p class=\" \">CAP\u00cdTULO II -\u00a0<span>Da Discuss\u00e3o (arts.103 a107)</span></p>\r\n<p class=\" \">CAP\u00cdTULO III -\u00a0<span>Da Vota\u00e7\u00e3o (arts.108 a114)</span></p>\r\n<p class=\" \" style=\"padding-left: 30px; \">SE\u00c7\u00c3O I -\u00a0<span>Do Encaminhamento da Vota\u00e7\u00e3o (art. 115)</span></p>\r\n<p class=\" \" style=\"padding-left: 30px; \">SE\u00c7\u00c3O II -\u00a0<span>Do Adiamento da Vota\u00e7\u00e3o (art. 116)</span></p>\r\n<p class=\" \"><span></span><span>CAP\u00cdTULO IV -\u00a0</span><span>Da Urg\u00eancia (arts.117 a121)</span></p>\r\n<p class=\" \">CAP\u00cdTULO V -\u00a0<span>Dos Atos Prejudicados (art. 122)</span></p>\r\n<p class=\" \">CAP\u00cdTULO VI -\u00a0<span>Da Reda\u00e7\u00e3o Final (arts.123 a125)</span></p>\r\n<p class=\" \" style=\"text-align: center; \">\u00a0</p>\r\n<p class=\" \" style=\"text-align: center; \">T\u00cdTULO V</p>\r\n<p class=\" \" style=\"text-align: center; \"><strong>Da Interpreta\u00e7\u00e3o e Observ\u00e2ncia do Regimento Interno</strong></p>\r\n<p class=\" \">CAP\u00cdTULO I -\u00a0<span>Da Quest\u00e3o de Ordem (arts.126 a128)</span></p>\r\n<p class=\" \" style=\"text-align: center; \"><span><br /></span></p>\r\n<p class=\" \" style=\"text-align: center; \"><span>T\u00cdTULO VI</span></p>\r\n<p class=\" \" style=\"text-align: center; \"><strong>Das Proposi\u00e7\u00f5es em Geral</strong></p>\r\n<p class=\" \">CAP\u00cdTULO I -\u00a0<span>Disposi\u00e7\u00f5es Preliminares (arts.129 a134)</span></p>\r\n<p class=\" \">CAP\u00cdTULO II -\u00a0<span>Das Proposi\u00e7\u00f5es Ordin\u00e1rias (arts. 135 e 136)</span></p>\r\n<p class=\" \" style=\"padding-left: 30px; \">SE\u00c7\u00c3O I -\u00a0<span>Do Projeto de Lei (arts.137 a139)</span></p>\r\n<p class=\" \" style=\"padding-left: 30px; \">SE\u00c7\u00c3O II -\u00a0<span>Do Projeto de Decreto Legislativo (art. 140 )</span></p>\r\n<p class=\" \" style=\"padding-left: 30px; \">SE\u00c7\u00c3O III -\u00a0<span>Do Projeto de Resolu\u00e7\u00e3o (arts. 141 e 142)</span></p>\r\n<p class=\" \" style=\"padding-left: 30px; \">SE\u00c7\u00c3O IV -\u00a0<span>Das Indica\u00e7\u00f5es (arts. 143 e 144)</span></p>\r\n<p class=\" \" style=\"padding-left: 30px; \">SE\u00c7\u00c3O V -\u00a0<span>Das Mo\u00e7\u00f5es (art. 145)</span></p>\r\n<p class=\" \" style=\"padding-left: 30px; \">SE\u00c7\u00c3O VI -\u00a0<span>Dos Requerimentos (arts.146 a 149)</span></p>\r\n<p class=\" \" style=\"padding-left: 30px; \">SE\u00c7\u00c3O VII -\u00a0<span>Dos Pedidos de Informa\u00e7\u00f5es (art. 150)</span></p>\r\n<p class=\" \" style=\"padding-left: 30px; \">SE\u00c7\u00c3O VIII -\u00a0<span>Das Emendas, Subemendas e Substitutivos (arts. 151 e 152)</span></p>\r\n<p class=\" \" style=\"padding-left: 30px; \">SE\u00c7\u00c3O IX -\u00a0<span>Dos Recursos (art. 153)</span></p>\r\n<p class=\" \">CAP\u00cdTULO III -\u00a0<span>Das Proposi\u00e7\u00f5es Especial</span></p>\r\n<p class=\" \" style=\"padding-left: 30px; \">SE\u00c7\u00c3O I -\u00a0<span>Do Or\u00e7amento (arts. 154 e 1550)</span></p>\r\n<p class=\" \" style=\"padding-left: 30px; \">SE\u00c7\u00c3O II -\u00a0<span>Da Tomada de Contas (arts.156 a159)</span></p>\r\n<p class=\" \" style=\"padding-left: 30px; \">SE\u00c7\u00c3O III -\u00a0<span>Dos Projetos de Codifica\u00e7\u00e3o (art. 160)</span></p>\r\n<p class=\" \" style=\"padding-left: 30px; \">SE\u00c7\u00c3O IV -\u00a0<span>Da Cassa\u00e7\u00e3o do Mandato do Prefeito (art. 161)</span></p>\r\n<p class=\" \" style=\"padding-left: 30px; \">SE\u00c7\u00c3O V -\u00a0<span>Da Cria\u00e7\u00e3o de Cargos na C\u00e2mara (art. 162)</span></p>\r\n<p class=\" \" style=\"padding-left: 30px; \">SE\u00c7\u00c3O VI -\u00a0<span>Das Emendas \u00e0 Lei Org\u00e2nica (arts. 163 e 164)</span></p>\r\n<p class=\" \" style=\"padding-left: 30px; \">SE\u00c7\u00c3O VII -\u00a0<span>Da Altera\u00e7\u00e3o do Regimento Interno (art. 165)</span></p>\r\n<p class=\" \" style=\"text-align: center; \">\u00a0</p>\r\n<p class=\" \" style=\"text-align: center; \">T\u00cdTULO VII</p>\r\n<p class=\" \" style=\"text-align: center; \"><strong>Disposi\u00e7\u00f5es Gerais</strong></p>\r\n<p class=\" \">CAP\u00cdTULO I -\u00a0<span>Da Convoca\u00e7\u00e3o Extraordin\u00e1ria da C\u00e2mara (art. 166)</span></p>\r\n<p class=\" \">CAP\u00cdTULO II -\u00a0<span>Do Comparecimento do Prefeito (arts. 167 e 168)</span></p>\r\n<p class=\" \">CAP\u00cdTULO III -\u00a0<span>Da Convoca\u00e7\u00e3o de Secret\u00e1rios Municipais, Diretores e Autarquias ou de \u00d3rg\u00e3os Equivalentes (arts.169 a171)</span></p>\r\n<p class=\" \" style=\"text-align: center; \"><span>T\u00cdTULO VIII</span></p>\r\n<p class=\" \" style=\"text-align: center; \"><strong>Disposi\u00e7\u00f5es Finais</strong> (art. 172)</p>\r\n<p class=\" \">\u00a0</p>\r\n<p style=\"text-align: center; \">\u00a0</p>\r\n<p style=\"text-align: center; \"><strong>C\u00c2MARA MUNICIPAL DE VEREADORES DE PINTO BANDEIRA \u2013 RS</strong></p>\r\n<p style=\"text-align: center; \"><strong>\u00a0</strong></p>\r\n<p style=\"text-align: center; \"><strong>RESOLU\u00c7\u00c3O N\u00ba. 002/2013, DE 15 DE JANEIRO DE 2013.</strong></p>\r\n<p style=\"text-align: center; \"><strong>\u00a0DISP\u00d5E SOBRE O REGIMENTO INTERNO DA C\u00c2MARA DE VEREADORES DO MUNIC\u00cdPIO DE PINTO BANDEIRA.</strong></p>\r\n<p>\u00a0</p>\r\n<p>\u00a0</p>\r\n<p style=\"text-align: justify; \">A MESA DIRETORA DA C\u00c2MARA MUNICIPAL DE VEREADORES DE PINTO BANDEIRA, usando as atribui\u00e7\u00f5es que lhe confere a Lei e tendo em vista a aprova\u00e7\u00e3o un\u00e2nime dos Senhores Vereadores, em Sess\u00e3o realizada no dia 14 de janeiro de 2013, promulga a seguinte RESOLU\u00c7\u00c3O:</p>\r\n<p style=\"text-align: center; \">T\u00cdTULO I</p>\r\n<p style=\"text-align: center; \"><strong>Da C\u00e2mara Municipal\u00a0</strong></p>\r\n<p style=\"text-align: center; \">CAP\u00cdTULO I</p>\r\n<p style=\"text-align: center; \"><strong>Disposi\u00e7\u00f5es Preliminares</strong></p>\r\n<p><b>\u00a0</b></p>\r\n<p><b></b><b style=\"text-align: justify; \">Art. 1\u00ba. </b><span style=\"text-align: justify; \">A C\u00e2mara Municipal \u00e9 o Poder Legislativo do Munic\u00edpio e se comp\u00f5e de Vereadores, eleitos nas condi\u00e7\u00f5es e termos da legisla\u00e7\u00e3o vigente.</span></p>\r\n<p><span style=\"text-align: justify; \"><br /></span></p>\r\n<p style=\"text-align: justify; \"><b>Art. 2\u00ba. </b>A C\u00e2mara tem fun\u00e7\u00f5es precipuamente legislativas, exerce atribui\u00e7\u00f5es de fiscaliza\u00e7\u00e3o, controle e assessoramento dos atos do Executivo e, no que lhe compete, pratica atos de administra\u00e7\u00e3o interna.</p>\r\n<p style=\"text-align: justify; padding-left: 30px; \"><b>\u00a7 1\u00ba </b>A C\u00e2mara exercer\u00e1 suas fun\u00e7\u00f5es com independ\u00eancia e harmonia, em rela\u00e7\u00e3o ao Executivo, deliberando sobre todas as mat\u00e9rias de sua compet\u00eancia, na forma prevista neste Regimento.</p>\r\n<p style=\"text-align: justify; padding-left: 30px; \"><b>\u00a7 2\u00ba </b>N\u00e3o ser\u00e1 autorizada a publica\u00e7\u00e3o de pronunciamentos que envolvam ofensas \u00e0s institui\u00e7\u00f5es nacionais, propaganda de guerra, de subvers\u00e3o da ordem pol\u00edtica ou social, de preconceito de ra\u00e7a, de religi\u00e3o ou de classe, configurem crimes contra a honra ou contiverem incitamento \u00e0 pr\u00e1tica de crimes de qualquer natureza.</p>\r\n<p style=\"text-align: justify; padding-left: 30px; \">\u00a0</p>\r\n<p style=\"text-align: justify; \"><b>Art. 3\u00ba </b>A C\u00e2mara realizar\u00e1 suas reuni\u00f5es, normalmente, em sua sede oficial.</p>\r\n<p style=\"text-align: justify; padding-left: 30px; \"><b>\u00a7 1\u00ba </b>Somente por motivo de for\u00e7a maior, declarado pela Mesa, e <i>\u201cad referendum\u201d</i> da maioria absoluta da C\u00e2mara, ou para sess\u00f5es solenes ou comemorativas, poder\u00e1 a C\u00e2mara reunir-se em outro local.</p>\r\n<p style=\"text-align: justify; padding-left: 30px; \"><b>\u00a7 2\u00ba </b>Na sede da C\u00e2mara n\u00e3o se realizar\u00e3o atos estranhos \u00e0s suas fun\u00e7\u00f5es, sem pr\u00e9via autoriza\u00e7\u00e3o da Mesa.</p>\r\n<p style=\"text-align: justify; padding-left: 30px; \">\u00a0</p>\r\n<p style=\"text-align: justify; \"><b>Art. 4\u00ba </b>Qualquer cidad\u00e3o poder\u00e1 assistir \u00e0s sess\u00f5es da C\u00e2mara, na parte do recinto que lhe \u00e9 reservada, desde que esteja devidamente trajado, n\u00e3o porte armas e conserve-se em sil\u00eancio durante os trabalhos.</p>\r\n<p style=\"text-align: justify; padding-left: 30px; \"><b>Par\u00e1grafo \u00fanico \u2013 </b>Poder\u00e1 a presid\u00eancia determinar a retirada do recinto, sem preju\u00edzo de outras medidas, de todos ou de qualquer assistente, em caso de inobserv\u00e2ncia do disposto neste artigo.</p>\r\n<p style=\"text-align: justify; padding-left: 30px; \">\u00a0</p>\r\n<p style=\"text-align: justify; \"><b>Art. 5\u00ba </b>Cabe \u00e0 presid\u00eancia dirigir, com suprema autoridade, a pol\u00edcia interna da C\u00e2mara, que ser\u00e1 feita por seus funcion\u00e1rios, podendo o Presidente requisitar elementos de corpora\u00e7\u00f5es civis ou militares para manter a ordem interna.</p>\r\n<p style=\"text-align: justify; \">\u00a0</p>\r\n<p style=\"text-align: justify; \"><b>Art. 6\u00ba. </b>Se no recinto da C\u00e2mara for cometida infra\u00e7\u00e3o penal, o Presidente far\u00e1 a pris\u00e3o em flagrante, apresentando o infrator \u00e0 autoridade policial competente, para lavratura do auto e instaura\u00e7\u00e3o do processo-crime correspondente; se n\u00e3o houver flagrante, o Presidente dever\u00e1 comunicar o fato \u00e0 autoridade policial competente, para a instaura\u00e7\u00e3o de inqu\u00e9rito.</p>\r\n<p>\u00a0</p>\r\n<p style=\"text-align: center; \">\u00a0CAP\u00cdTULO II</p>\r\n<p style=\"text-align: center; \"><strong>Da Instala\u00e7\u00e3o da Legislatura e da Sess\u00e3o Legislativa</strong></p>\r\n<p>\u00a0</p>\r\n<p style=\"text-align: justify; \"><strong>Art. 7\u00ba.</strong> No primeiro ano de cada legislatura, os novos membros da C\u00e2mara Municipal reunir-se-\u00e3o no dia 1\u00ba de janeiro, \u00e0s 17:00 horas, quando ser\u00e3o instalados os trabalhos que observar\u00e3o a ordem do dia abaixo:</p>\r\n<p style=\"text-align: justify; padding-left: 60px; \">I \u2013 entrega \u00e0 Mesa do diploma e da declara\u00e7\u00e3o de bens de cada um dos Vereadores presentes;</p>\r\n<p style=\"text-align: justify; padding-left: 60px; \">II \u2013 presta\u00e7\u00e3o de compromisso legal;</p>\r\n<p style=\"text-align: justify; padding-left: 60px; \">III \u2013 posse dos Vereadores presentes;</p>\r\n<p style=\"text-align: justify; padding-left: 60px; \">IV \u2013 indica\u00e7\u00e3o dos l\u00edderes de bancada;</p>\r\n<p style=\"text-align: justify; padding-left: 60px; \">V \u2013 elei\u00e7\u00e3o e posse dos membros da Mesa;</p>\r\n<p style=\"text-align: justify; padding-left: 60px; \">VI \u2013 presta\u00e7\u00e3o de compromisso e posse do Prefeito;</p>\r\n<p style=\"text-align: justify; padding-left: 60px; \">VII \u2013 elei\u00e7\u00e3o e posse da Comiss\u00e3o Representativa e de comiss\u00e3o permanente.</p>\r\n<p style=\"text-align: justify; padding-left: 30px; \"><strong>\u00a7 1\u00ba</strong><span> Assumir\u00e1 a presid\u00eancia da sess\u00e3o de instala\u00e7\u00e3o da legislatura o mais votado dos presentes, que designar\u00e1 um de seus pares para secretariar os trabalhos.</span></p>\r\n<p style=\"text-align: justify; padding-left: 30px; \"><span></span><strong>\u00a7 2\u00ba</strong><span> O compromisso referido no item II deste artigo ser\u00e1 prestado da seguinte forma:</span></p>\r\n<p style=\"text-align: justify; padding-left: 60px; \"><b>a) </b>O Presidente prestar\u00e1 seu compromisso nos seguintes termos: \u201cPrometo cumprir e fazer cumprir a lei org\u00e2nica, as leis da uni\u00e3o, do estado e do munic\u00edpio e exercer meu mandato sob a inspira\u00e7\u00e3o do patriotismo, da lealdade, da honra e em defesa do bem comum.\u201d</p>\r\n<p style=\"text-align: justify; padding-left: 60px; \"><b>b) </b>Cada Vereador, chamado nominalmente a seguir, dever\u00e1 dizer:<i> \u201cAssim o prometo\u201d</i>.</p>\r\n<p style=\"text-align: justify; padding-left: 60px; \"><b>c) </b>Prestado o compromisso por todos os Vereadores, o Presidente dar-lhes-\u00e1 posse com as seguintes palavras: <i>\u201cDeclaro empossados os Vereadores que prestaram compromisso\u201d.</i></p>\r\n<p style=\"text-align: justify; padding-left: 60px; \"><i><br /></i></p>\r\n<p style=\"text-align: justify; \"><i></i><b>Art. 8\u00ba </b><span>O Vereador que n\u00e3o tomar posse na sess\u00e3o de instala\u00e7\u00e3o da legislatura dever\u00e1 faz\u00ea-lo no prazo de quinze (15) dias, sob pena de perda de mandato, salvo motivo justo e aceito pela C\u00e2mara.\u00a0</span></p>\r\n<p style=\"text-align: justify; \"><span><br /></span></p>\r\n<p style=\"text-align: justify; \"><b>Art. 9\u00ba </b>A C\u00e2mara reunir-se-\u00e1 em sess\u00e3o legislativa ordin\u00e1ria, de 1\u00ba de janeiro a 31 de janeiro, de 1\u00ba de mar\u00e7o a 30 de junho e de 1\u00ba de agosto a 31 de dezembro, duas vezes por m\u00eas, preferencialmente \u00e0s ter\u00e7as-feiras, \u00e0s 20:00 horas, ficando em recesso nos meses de fevereiro e julho, per\u00edodos nos quais funcionar\u00e1 a Comiss\u00e3o Representativa.</p>\r\n<p style=\"text-align: justify; \">\u00a0</p>\r\n<p style=\"text-align: justify; \"><b>Art. 10.\u00a0 </b>O mandato dos integrantes da Mesa ser\u00e1 de 2 (dois) anos, permitida a recondu\u00e7\u00e3o para o mesmo cargo na elei\u00e7\u00e3o subsequente.</p>\r\n<p style=\"text-align: justify; padding-left: 30px; \"><strong>\u00a7\u0336 \u03361\u0336\u00ba\u0336 \u0336</strong>A\u0336 \u0336e\u0336l\u0336e\u0336i\u0336\u00e7\u0336\u00e3\u0336o\u0336 \u0336e\u0336 \u0336p\u0336o\u0336s\u0336s\u0336e\u0336 \u0336d\u0336o\u0336s\u0336 \u0336m\u0336e\u0336m\u0336b\u0336r\u0336o\u0336s\u0336 \u0336d\u0336a\u0336 \u0336M\u0336e\u0336s\u0336a\u0336,\u0336 \u0336s\u0336u\u0336b\u0336s\u0336e\u0336q\u0336u\u0336e\u0336n\u0336t\u0336e\u0336 \u0336\u00e0\u0336s\u0336 \u0336d\u0336a\u0336 \u0336i\u0336n\u0336s\u0336t\u0336a\u0336l\u0336a\u0336\u00e7\u0336\u00e3\u0336o\u0336 \u0336d\u0336a\u0336 \u0336l\u0336e\u0336g\u0336i\u0336s\u0336l\u0336a\u0336t\u0336u\u0336r\u0336a\u0336,\u0336 \u0336s\u0336e\u0336r\u0336\u00e1\u0336 \u0336r\u0336e\u0336a\u0336l\u0336i\u0336z\u0336a\u0336d\u0336a\u0336 \u0336n\u0336a\u0336 \u0336\u00fa\u0336l\u0336t\u0336i\u0336m\u0336a\u0336 \u0336s\u0336e\u0336s\u0336s\u0336\u00e3\u0336o\u0336 \u0336o\u0336r\u0336d\u0336i\u0336n\u0336\u00e1\u0336r\u0336i\u0336a\u0336 \u0336d\u0336a\u0336 \u0336r\u0336e\u0336u\u0336n\u0336i\u0336\u00e3\u0336o\u0336 \u0336l\u0336e\u0336g\u0336i\u0336s\u0336l\u0336a\u0336t\u0336i\u0336v\u0336a\u0336 \u0336o\u0336r\u0336d\u0336i\u0336n\u0336\u00e1\u0336r\u0336i\u0336a\u0336.\u0336\u00a0<i>(alterado pela Lei Municipal n\u00b0 116/2014)</i></p>\r\n<p>\u00a0</p>\r\n<p style=\"padding-left: 30px; \"><strong>\u00a7 1\u00ba</strong> A elei\u00e7\u00e3o e posse dos membros da Mesa, subsequente \u00e0s da instala\u00e7\u00e3o da legislatura, ser\u00e1 realizada na sess\u00e3o ordin\u00e1ria do m\u00eas de novembro.</p>\r\n<p style=\"text-align: justify; padding-left: 30px; \"><b>\u00a7 2\u00ba </b>Os Vereadores eleitos e empossados na forma deste artigo entrar\u00e3o automaticamente no exerc\u00edcio dos respectivos cargos a partir do dia 1\u00ba de janeiro do ano seguinte ao em que foi realizada a elei\u00e7\u00e3o.</p>\r\n<p style=\"text-align: justify; padding-left: 30px; \">\u00a0</p>\r\n<p style=\"text-align: justify; \"><b>Art. 11. </b>O Prefeito eleito tomar\u00e1 posse e prestar\u00e1 compromisso perante a C\u00e2mara Municipal, nos termos estabelecidos na Lei Org\u00e2nica.</p>\r\n<p>\u00a0<span>\u00a0</span></p>\r\n<p style=\"text-align: center; \">CAP\u00cdTULO III</p>\r\n<p style=\"text-align: center; \"><strong>Dos Vereadores</strong></p>\r\n<p style=\"text-align: center; \">\u00a0</p>\r\n<p style=\"text-align: center; \">SE\u00c7\u00c3O I</p>\r\n<p style=\"text-align: center; \"><strong>Do Exerc\u00edcio do Mandato</strong></p>\r\n<p>\u00a0</p>\r\n<p style=\"text-align: justify; \"><strong>Art. 12.</strong>\u00a0 Os Vereadores s\u00e3o agentes pol\u00edticos investidos no mandato legislativo municipal para uma legislatura, pelo sistema estabelecido na legisla\u00e7\u00e3o pertinente.</p>\r\n<p style=\"text-align: justify; \">\u00a0</p>\r\n<p style=\"text-align: justify; \"><strong>Art. 13.</strong>\u00a0 \u00c9 direito do Vereador:</p>\r\n<p style=\"text-align: justify; padding-left: 60px; \">I \u2013 participar das discuss\u00f5es e delibera\u00e7\u00f5es do plen\u00e1rio;</p>\r\n<p style=\"text-align: justify; padding-left: 60px; \">II - votar nas elei\u00e7\u00f5es da Mesa, Comiss\u00e3o Representativa e Comiss\u00e3o Permanente;</p>\r\n<p style=\"text-align: justify; padding-left: 60px; \">III \u2013 concorrer aos cargos da Mesa e das Comiss\u00f5es;</p>\r\n<p style=\"text-align: justify; padding-left: 60px; \">IV - usar a palavra em plen\u00e1rio;</p>\r\n<p style=\"text-align: justify; padding-left: 60px; \">V - usar os recursos previstos neste Regulamento.</p>\r\n<p style=\"text-align: justify; \"><span>\u00a0</span></p>\r\n<p style=\"text-align: justify; \"><strong>Art. 14.</strong>\u00a0 \u00a0\u00c9 dever do Vereador:</p>\r\n<p style=\"text-align: justify; padding-left: 60px; \">I \u2013 desincompatibilizar-se e fazer declara\u00e7\u00e3o de bens, no ato de posse e ao t\u00e9rmino do mandato, renovando-a anualmente;</p>\r\n<p style=\"text-align: justify; padding-left: 60px; \">II \u2013 comparecer devidamente trajado \u00e0s sess\u00f5es;</p>\r\n<p style=\"text-align: justify; padding-left: 60px; \">III \u2013 desempenhar os cargos e fun\u00e7\u00f5es para os quais foi eleito ou nomeado;</p>\r\n<p style=\"text-align: justify; padding-left: 60px; \">IV \u2013 votar as proposi\u00e7\u00f5es, salvo quando ele pr\u00f3prio tiver interesse manifesto na delibera\u00e7\u00e3o, sob pena de nulidade da vota\u00e7\u00e3o quando seu voto for decisivo;</p>\r\n<p style=\"text-align: justify; padding-left: 60px; \">V - portar-se com respeito, decoro e compenetra\u00e7\u00e3o de suas responsabilidades.</p>\r\n<p style=\"text-align: justify; padding-left: 60px; \">VI \u2013 obedecer \u00e0s normas regimentais.</p>\r\n<p style=\"text-align: justify; \">\u00a0</p>\r\n<p style=\"text-align: justify; \"><strong>Art. 15.</strong>\u00a0 O Vereador que cometer, no recinto da C\u00e2mara, excesso que deva ser reprimido, est\u00e1 sujeito, conforme a gravidade do ato, \u00e0s seguintes san\u00e7\u00f5es, al\u00e9m de outras previstas neste Regimento:</p>\r\n<p style=\"text-align: justify; padding-left: 60px; \">I \u2013 advert\u00eancia pessoal da Presid\u00eancia;</p>\r\n<p style=\"text-align: justify; padding-left: 60px; \">II - advert\u00eancia em plen\u00e1rio;</p>\r\n<p style=\"text-align: justify; padding-left: 60px; \">III \u2013 cassa\u00e7\u00e3o da palavra.</p>\r\n<p style=\"text-align: justify; \">\u00a0</p>\r\n<p style=\"text-align: justify; \"><strong>Art. 16.\u00a0</strong> Os Vereadores que n\u00e3o tomaram posse na sess\u00e3o de instala\u00e7\u00e3o e os suplentes convocados ser\u00e3o empossados pelo Presidente, ap\u00f3s a apresenta\u00e7\u00e3o do respectivo diploma, juramento e declara\u00e7\u00e3o de bens.</p>\r\n<p style=\"text-align: justify; \">\u00a0</p>\r\n<p style=\"text-align: justify; \"><strong>Par\u00e1grafo \u00fanico</strong> \u2013 O Presidente convocar\u00e1 para a pr\u00f3xima sess\u00e3o os suplentes dos titulares n\u00e3o empossados.</p>\r\n<p style=\"text-align: justify; \">\u00a0</p>\r\n<p style=\"text-align: center; \">SESS\u00c3O II</p>\r\n<p style=\"text-align: center; \"><strong>Da Licen\u00e7a e da Substitui\u00e7\u00e3o</strong></p>\r\n<p>\u00a0</p>\r\n<p style=\"text-align: justify; \"><strong>Art. 17.</strong>\u00a0 O Vereador poder\u00e1 licenciar-se, mediante requerimento dirigido \u00e0 C\u00e2mara, nos seguintes casos, com direito a remunera\u00e7\u00e3o:</p>\r\n<p style=\"text-align: justify; padding-left: 60px; \"><b>a)</b> doen\u00e7a devidamente comprovada por atestado m\u00e9dico;</p>\r\n<p style=\"text-align: justify; padding-left: 60px; \"><b>b)</b> para desempenhar miss\u00f5es de car\u00e1ter cultural ou de interesse do Munic\u00edpio;</p>\r\n<p style=\"text-align: justify; padding-left: 60px; \"><b>c)</b> por luto pelo falecimento do c\u00f4njuge, ascendente, descendente e irm\u00e3os, pelo prazo de at\u00e9 oito dias;</p>\r\n<p style=\"text-align: justify; padding-left: 60px; \"><b>d)</b> para representar o Poder Executivo Municipal, em localidade n\u00e3o pertencente ao Munic\u00edpio;</p>\r\n<p style=\"text-align: justify; padding-left: 60px; \"><b>e)</b> licen\u00e7a gestante, por cento e vinte dias;</p>\r\n<p style=\"text-align: justify; padding-left: 60px; \"><b>f)</b> licen\u00e7a paternidade, no prazo de sete dias;</p>\r\n<p style=\"text-align: justify; padding-left: 60px; \"><b>g)</b> para acompanhar familiares doentes, pelo prazo de 15 dias, mediante atestado m\u00e9dico.</p>\r\n<p style=\"text-align: justify; padding-left: 30px; \"><strong>\u00a7 1\u00ba</strong> A Mesa dar\u00e1 parecer nos requerimentos de licen\u00e7a.</p>\r\n<p style=\"text-align: justify; padding-left: 30px; \"><strong>\u00a7 2\u00ba</strong><span> O requerimento de licen\u00e7a ser\u00e1 inclu\u00eddo na ordem do dia para vota\u00e7\u00e3o, com prefer\u00eancia sobre outra mat\u00e9ria, exceto no caso da al\u00ednea \u201ca\u201d deste artigo, quando ser\u00e1 deferido de plano pela Mesa a vista de laudo m\u00e9dico.</span></p>\r\n<p style=\"text-align: justify; padding-left: 30px; \"><strong>\u00a7 3\u00ba</strong><span> Nomeado para o cargo de Secret\u00e1rio Municipal, o vereador ficara afastado do exerc\u00edcio da verean\u00e7a, podendo optar pela remunera\u00e7\u00e3o do mandato.</span></p>\r\n<p style=\"text-align: justify; \">\u00a0</p>\r\n<p style=\"text-align: justify; \"><strong>Art. 18.</strong> Aprovada ou deferida a licen\u00e7a, o Presidente convocar\u00e1 o respectivo suplente, que substituir\u00e1 o titular e assumir\u00e1 o exerc\u00edcio do cargo na primeira sess\u00e3o que houver.</p>\r\n<p style=\"text-align: justify; padding-left: 30px; \"><strong>Par\u00e1grafo \u00fanico.</strong><span> Durante o recesso parlamentar n\u00e3o haver\u00e1 convoca\u00e7\u00e3o de suplente de Vereador, salvo caso de convoca\u00e7\u00e3o extraordin\u00e1ria da C\u00e2mara.</span></p>\r\n<p style=\"text-align: justify; \"><span><br /></span></p>\r\n<p style=\"text-align: justify; \"><strong>Art. 19.\u00a0</strong> Ser\u00e1 convocado o suplente quando o Presidente exercer, por qualquer prazo, o cargo de Prefeito, observado o que prev\u00ea o art. 18.</p>\r\n<p>\u00a0</p>\r\n<p style=\"text-align: center; \">SESS\u00c3O III</p>\r\n<p style=\"text-align: center; \"><strong>Da Vaga de Vereador</strong></p>\r\n<p>\u00a0</p>\r\n<p style=\"text-align: justify; \"><strong>Art.20.</strong> Avaga de Vereador dar-se-\u00e1 por extin\u00e7\u00e3o ou perda de mandato.</p>\r\n<p style=\"text-align: justify; padding-left: 30px; \">\u00a0<span><strong>\u00a7 1\u00ba</strong> A extin\u00e7\u00e3o do mandato dar-se-\u00e1 por falecimento, ren\u00fancia escrita e nos demais casos previstos na legisla\u00e7\u00e3o federal pertinente.</span></p>\r\n<p style=\"text-align: justify; padding-left: 30px; \">\u00a0<strong>\u00a7 2\u00ba</strong><span> A perda de mandato dar-se-\u00e1 por cassa\u00e7\u00e3o, nos casos e na forma previstos em lei.</span></p>\r\n<p style=\"text-align: justify; padding-left: 30px; \"><span><br /></span></p>\r\n<p style=\"text-align: justify; \"><strong>Art. 21.</strong>\u00a0 A extin\u00e7\u00e3o do mandato se torna efetiva, se antecedida de processo em que tenha sido assegurado o direito a ampla defesa, pela s\u00f3 declara\u00e7\u00e3o do ato ou fato extintivo, pela presid\u00eancia, inseridos em ata.</p>\r\n<p style=\"text-align: justify; padding-left: 30px; \">\u00a0<strong>Par\u00e1grafo \u00fanico.</strong><span> O Presidente que deixar de declarar a extin\u00e7\u00e3o ficar\u00e1 sujeito \u00e0s san\u00e7\u00f5es previstas na legisla\u00e7\u00e3o pertinente.</span></p>\r\n<p style=\"text-align: justify; \">\u00a0</p>\r\n<p style=\"text-align: justify; \"><strong>Art. 22.</strong>\u00a0 A ren\u00fancia do Vereador far-se-\u00e1 por of\u00edcio dirigido \u00e0 C\u00e2mara, reputando-se aceita, independentemente de vota\u00e7\u00e3o, desde que seja lido em sess\u00e3o p\u00fablica e conste da ata.</p>\r\n<p style=\"text-align: justify; \">\u00a0</p>\r\n<p style=\"text-align: justify; \"><strong>Art. 23.</strong>\u00a0 Ocorrendo vaga durante o recesso, o suplente tomar\u00e1 posse perante a Comiss\u00e3o Representativa.</p>\r\n<p>\u00a0</p>\r\n<p>\u00a0</p>\r\n<p style=\"text-align: center; \">SE\u00c7\u00c3O IV</p>\r\n<p class=\" \" style=\"text-align: center; \"><strong>Dos Subs\u00eddios e do Ressarcimento de Despesas</strong></p>\r\n<p>\u00a0</p>\r\n<p><b>Art. 24.\u00a0 </b>Os Vereadores perceber\u00e3o subs\u00eddio fixado por lei de iniciativa da C\u00e2mara, respeitados os limites e crit\u00e9rios estabelecidos na Constitui\u00e7\u00e3o Federal e na Lei Org\u00e2nica.</p>\r\n<p>\u00a0</p>\r\n<p><b>Art. 25. </b>As aus\u00eancias do Vereador \u00e0s sess\u00f5es determinar\u00e1 desconto no subs\u00eddio na forma estabelecida em lei.</p>\r\n<p>\u00a0</p>\r\n<p><b>Art. 26. </b>A Mesa, no prazo n\u00e3o inferior a um m\u00eas antes das elei\u00e7\u00f5es municipais, elaborar\u00e1 projeto de lei fixando o subs\u00eddio dos Vereadores e a Verba de Representa\u00e7\u00e3o do Presidente, bem como projeto de lei fixando os subs\u00eddios do Prefeito e do Vice-Prefeito.</p>\r\n<p style=\"padding-left: 30px; \">\u00a0<b>Par\u00e1grafo \u00danico.</b><span> Tamb\u00e9m ser\u00e1 de iniciativa da C\u00e2mara a lei que fixar ou alterar o subs\u00eddio dos Secret\u00e1rios Municipais.</span></p>\r\n<p>\u00a0</p>\r\n<p><b>Art. 27. </b>O Vereador que se afastar do Munic\u00edpio em raz\u00e3o do mandato ou em representa\u00e7\u00e3o da C\u00e2mara, al\u00e9m do transporte perceber\u00e1 di\u00e1rias segundo os crit\u00e9rios e valores estabelecidos em norma legal.</p>\r\n<p>\u00a0</p>\r\n<p>\u00a0</p>\r\n<p align=\"center\">T\u00cdTULO II</p>\r\n<p class=\" \" style=\"text-align: center; \"><strong>Dos \u00d3rg\u00e3os da C\u00e2mara</strong></p>\r\n<p>\u00a0</p>\r\n<p align=\"center\">CAP\u00cdTULO I</p>\r\n<p align=\"center\"><b>Da Mesa</b></p>\r\n<p>\u00a0</p>\r\n<p style=\"text-align: justify; \"><b>Art. 28. </b>A Mesa \u00e9 o \u00f3rg\u00e3o diretivo dos trabalhos da C\u00e2mara e se comp\u00f5e do Presidente, do Vice-Presidente, do 1\u00b0 Secret\u00e1rio e do 2\u00b0 Secret\u00e1rio.</p>\r\n<p style=\"padding-left: 30px; text-align: justify; \"><b>\u00a7 1\u00b0 </b><span>O Presidente ser\u00e1 substitu\u00eddo, em suas aus\u00eancias, pelo Vice-Presidente e pelos Secret\u00e1rios, segundo a ordem de hierarquia.</span></p>\r\n<p style=\"padding-left: 30px; text-align: justify; \"><b>\u00a7 2\u00ba</b><span> Ausentes os membros da Mesa, presidir\u00e1 a sess\u00e3o o Vereador mais idoso, que escolher\u00e1 entre os seus pares um secret\u00e1rio.</span></p>\r\n<p style=\"padding-left: 30px; text-align: justify; \"><b>\u00a7 3\u00ba</b><span> Ausentes os Secret\u00e1rios, o Presidente convidar\u00e1 um Vereador para assumir os encargos da secretaria da Mesa.</span></p>\r\n<p style=\"text-align: justify; \">\u00a0</p>\r\n<p style=\"text-align: justify; \"><b>Art. 29. </b>A elei\u00e7\u00e3o da Mesa ou o preenchimento de vaga que nela se verifique far-se-\u00e1, presente a maioria absoluta dos vereadores, por maioria simples e em escrut\u00ednio secreto.</p>\r\n<p style=\"padding-left: 30px; text-align: justify; \"><b>\u00a7 1\u00ba </b><span>Cada c\u00e9dula, conter\u00e1 o nome dos candidatos a cada posto da Mesa.</span></p>\r\n<p style=\"padding-left: 30px; text-align: justify; \"><b>\u00a7 2\u00ba</b> Em caso de empate, ser\u00e1 realizado um segundo escrut\u00ednio. Persistindo o empate, ser\u00e1 proclamado eleito o candidato mais idoso para cada posto da Mesa</p>\r\n<p style=\"padding-left: 30px; text-align: justify; \"><b>\u00a7 3\u00ba</b><span> A elei\u00e7\u00e3o para o preenchimento de vaga ocorrida na Mesa ser\u00e1 procedida na sess\u00e3o imediatamente posterior \u00e0quela em que a vac\u00e2ncia for declarada.</span></p>\r\n<p style=\"padding-left: 30px; text-align: justify; \"><b>\u00a7 4\u00ba</b><span> Em caso de ren\u00fancia de todos os membros da Mesa, assumir\u00e1 a presid\u00eancia o Vereador mais idoso que proceder\u00e1 a nova elei\u00e7\u00e3o na sess\u00e3o ordin\u00e1ria imediata, ou poder\u00e1 convocar sess\u00e3o extraordin\u00e1ria para essa finalidade espec\u00edfica.</span></p>\r\n<p style=\"text-align: justify; \">\u00a0</p>\r\n<p style=\"text-align: justify; \"><b>Art. 30.</b> Compete \u00e0 Mesa:</p>\r\n<p style=\"padding-left: 60px; text-align: justify; \">I \u2013 administrar a C\u00e2mara Municipal;</p>\r\n<p style=\"padding-left: 60px; text-align: justify; \">II \u2013 propor, privativamente, a cria\u00e7\u00e3o e a extin\u00e7\u00e3o dos cargos da C\u00e2mara Municipal e a iniciativa da lei para a fixa\u00e7\u00e3o ou altera\u00e7\u00e3o da respectiva remunera\u00e7\u00e3o;</p>\r\n<p style=\"padding-left: 60px; text-align: justify; \">III \u2013 regulamentar as resolu\u00e7\u00f5es do plen\u00e1rio;</p>\r\n<p style=\"padding-left: 60px; text-align: justify; \">IV \u2013 elaborar o regulamento dos servi\u00e7os da Secretaria da C\u00e2mara;</p>\r\n<p style=\"padding-left: 60px; text-align: justify; \">V \u2013 emitir parecer sobre o pedido de licen\u00e7a de Vereador e sobre recurso a ato de Presidente de Comiss\u00e3o;</p>\r\n<p style=\"padding-left: 60px; text-align: justify; \">VI \u2013 propor, cada ano, o or\u00e7amento da C\u00e2mara para o ano seguinte, encaminhando-o ao Executivo em tempo h\u00e1bil para poder integrar o projeto de Or\u00e7amento, bem como os pedidos de abertura de cr\u00e9ditos adicionais dentro do exerc\u00edcio, em rela\u00e7\u00e3o \u00e0s dota\u00e7\u00f5es do Legislativo;</p>\r\n<p style=\"padding-left: 60px; text-align: justify; \">VII \u2013 propor os projetos de lei de que trata o art. 26 deste Regimento;</p>\r\n<p style=\"padding-left: 60px; text-align: justify; \">VIII \u2013 promulgar as emendas \u00e0 Lei Org\u00e2nica;</p>\r\n<p style=\"padding-left: 60px; text-align: justify; \">IX \u2013 cumprir as decis\u00f5es emanadas do Plen\u00e1rio.</p>\r\n<p style=\"text-align: justify; \">\u00a0</p>\r\n<p style=\"text-align: justify; \"><b>Art. 31. </b>\u00a0Os membros da Mesa podem ser destitu\u00eddos e afastados dos cargos por irregularidades cometidas.</p>\r\n<p style=\"padding-left: 30px; text-align: justify; \">\u00a0<b>\u00a7 1\u00ba</b><span> A destitui\u00e7\u00e3o de membros da Mesa depender\u00e1 de resolu\u00e7\u00e3o aprovada pela C\u00e2mara, por maioria de 2/3, assegurado amplo direito de defesa, devendo a representa\u00e7\u00e3o ser subscrita por Vereador que indicar\u00e1, como condi\u00e7\u00e3o para sua tramita\u00e7\u00e3o, os fatos que a justifiquem.</span></p>\r\n<p style=\"padding-left: 30px; text-align: justify; \"><b>\u00a7 2\u00ba</b><span> A representa\u00e7\u00e3o ser\u00e1 submetida ao Plen\u00e1rio na sess\u00e3o seguinte e s\u00f3 ter\u00e1 andamento se for recebida por decis\u00e3o da maioria absoluta.</span></p>\r\n<p>\u00a0</p>\r\n<p class=\" \" style=\"text-align: center; \">CAP\u00cdTULO II</p>\r\n<p align=\"center\" class=\" \" style=\"text-align: center; \"><b>Do Presidente e do Vice-Presidente</b></p>\r\n<p>\u00a0\u00a0\u00a0\u00a0\u00a0\u00a0\u00a0\u00a0\u00a0\u00a0\u00a0\u00a0\u00a0\u00a0\u00a0\u00a0\u00a0\u00a0\u00a0\u00a0\u00a0\u00a0\u00a0\u00a0\u00a0\u00a0\u00a0\u00a0\u00a0\u00a0\u00a0\u00a0\u00a0\u00a0\u00a0\u00a0\u00a0\u00a0\u00a0\u00a0\u00a0\u00a0\u00a0\u00a0\u00a0\u00a0\u00a0\u00a0\u00a0\u00a0\u00a0\u00a0\u00a0\u00a0\u00a0\u00a0\u00a0\u00a0\u00a0\u00a0\u00a0\u00a0\u00a0\u00a0\u00a0\u00a0\u00a0\u00a0\u00a0\u00a0</p>\r\n<p style=\"text-align: justify; \"><b>Art. 32.</b> O Presidente dirigir\u00e1 e representar\u00e1 a C\u00e2mara na forma da Lei Org\u00e2nica e deste Regimento.</p>\r\n<p style=\"padding-left: 30px; text-align: justify; \">\u00a0<b>\u00a7 1\u00ba</b><span> Compete ao Presidente:</span></p>\r\n<p style=\"padding-left: 60px; text-align: justify; \">I \u2013 quanto \u00e0s atividades do plen\u00e1rio:</p>\r\n<p style=\"padding-left: 90px; text-align: justify; \"><b>a) </b>convocar, abrir, presidir, suspender e encerrar as sess\u00f5es;</p>\r\n<p style=\"padding-left: 90px; text-align: justify; \"><b>b) </b>conceder ou negar a palavra aos Vereadores, nos termos deste Regimento;</p>\r\n<p style=\"padding-left: 90px; text-align: justify; \"><b>c) </b>determinar ao Secret\u00e1rio a leitura da ata e das comunica\u00e7\u00f5es que entender convenientes;</p>\r\n<p style=\"padding-left: 90px; text-align: justify; \"><b>d) </b>advertir o orador que se desviar da mat\u00e9ria em discuss\u00e3o, ou faltar com a considera\u00e7\u00e3o devida \u00e0 Casa, a qualquer de seus membros ou aos poderes constitu\u00eddos e seus titulares, e cassar-lhe a palavra em caso de insist\u00eancia;</p>\r\n<p style=\"padding-left: 90px; text-align: justify; \"><b>e) </b>abrir e encerrar as fases da sess\u00e3o e os prazos concedidos aos oradores;</p>\r\n<p style=\"padding-left: 90px; text-align: justify; \"><b>f)\u00a0\u00a0 </b>organizar a ordem do dia;</p>\r\n<p style=\"padding-left: 90px; text-align: justify; \"><b>g) </b>anunciar a mat\u00e9ria a ser discutida e votada, bem como o resultado da vota\u00e7\u00e3o;</p>\r\n<p style=\"padding-left: 90px; text-align: justify; \"><b>h) </b>determinar a verifica\u00e7\u00e3o de <i>\u201cquorum\u201d</i> a qualquer momento da sess\u00e3o;</p>\r\n<p style=\"padding-left: 90px; text-align: justify; \"><b>i)\u00a0\u00a0 </b>resolver sobre qualquer quest\u00e3o de ordem ou submet\u00ea-la ao plen\u00e1rio, quando omisso o Regimento;</p>\r\n<p style=\"padding-left: 90px; text-align: justify; \"><b>j)\u00a0\u00a0 </b>votar, quando o processo de vota\u00e7\u00e3o for secreto, quando a mat\u00e9ria exigir <i>\u201cquorum\u201d</i> qualificado e no caso de empate na vota\u00e7\u00e3o;</p>\r\n<p style=\"padding-left: 90px; text-align: justify; \"><b>k) </b>zelar pelo cumprimento dos prazos estabelecidos em lei.</p>\r\n<p style=\"padding-left: 60px; text-align: justify; \">\u00a0II \u2013 <span>quanto \u00e0s proposi\u00e7\u00f5es:</span></p>\r\n<p style=\"padding-left: 90px; text-align: justify; \"><b>a) </b>determinar, por requerimento do autor, a retirada de proposi\u00e7\u00e3o que n\u00e3o tenha recebido parecer de comiss\u00e3o, ou que tenha recebido parecer contr\u00e1rio;</p>\r\n<p style=\"padding-left: 90px; text-align: justify; \"><b>b) </b>autorizar o arquivamento e o desarquivamento de proposi\u00e7\u00f5es, nos termos deste Regimento;</p>\r\n<p style=\"padding-left: 90px; text-align: justify; \"><b>c) </b>declarar a proposi\u00e7\u00e3o prejudicada em face da rejei\u00e7\u00e3o ou aprova\u00e7\u00e3o de outra com o mesmo objetivo;</p>\r\n<p style=\"padding-left: 90px; text-align: justify; \"><b>d) </b>n\u00e3o aceitar emenda ou substitutivo que n\u00e3o sejam pertinentes \u00e0 proposi\u00e7\u00e3o principal;</p>\r\n<p style=\"padding-left: 90px; text-align: justify; \"><b>e) </b>devolver ao autor proposi\u00e7\u00e3o em desacordo com exig\u00eancia regimental ou que contiver express\u00e3o anti-regimental;</p>\r\n<p style=\"padding-left: 90px; text-align: justify; \"><b>f)\u00a0\u00a0 </b>encaminhar ao Prefeito, em tr\u00eas (03) dias \u00fateis, os projetos que tenham sido aprovados;</p>\r\n<p style=\"padding-left: 90px; text-align: justify; \"><b>g) </b>dar ci\u00eancia ao Prefeito em 48 horas, sob pena de responsabilidade sempre que se tenham esgotados os prazos previstos para a aprecia\u00e7\u00e3o de projetos do Executivo, sem delibera\u00e7\u00e3o da C\u00e2mara, ou quando ditos projetos forem rejeitados;</p>\r\n<p style=\"padding-left: 90px; text-align: justify; \"><b>h) </b>promulgar decretos legislativos e resolu\u00e7\u00f5es aprovadas pelo plen\u00e1rio, bem como as leis com san\u00e7\u00e3o t\u00e1cita ou cujo veto tenha sido rejeitado pelo plen\u00e1rio e n\u00e3o promulgadas pelo Prefeito. \u00a0 \u00a0 \u00a0\u00a0</p>\r\n<p style=\"text-align: justify; padding-left: 60px; \">III \u2013 quanto \u00e0 administra\u00e7\u00e3o da C\u00e2mara Municipal:</p>\r\n<p style=\"text-align: justify; padding-left: 90px; \"><b>a) </b>superintender os servi\u00e7os da C\u00e2mara, praticando todos os atos administrativos e legais necess\u00e1rios ao seu bom funcionamento, como: nomear, exonerar, promover, remover, punir funcion\u00e1rios da C\u00e2mara, conceder-lhes f\u00e9rias, licen\u00e7as, abono de faltas, aposentadoria, acr\u00e9scimo de vencimentos determinados por lei e promover-lhes a responsabilidade administrativa civil ou criminal;</p>\r\n<p style=\"text-align: justify; padding-left: 90px; \"><b>b) </b>autorizar, nos limites or\u00e7ament\u00e1rios, as despesas da C\u00e2mara e, se dispuser de servi\u00e7o pr\u00f3prio de Tesouraria, requisitar o numer\u00e1rio ao Executivo;</p>\r\n<p style=\"text-align: justify; padding-left: 90px; \"><b>c) </b>proceder \u00e0s licita\u00e7\u00f5es para compras, obras e servi\u00e7os de acordo com a legisla\u00e7\u00e3o federal pertinente;</p>\r\n<p style=\"text-align: justify; padding-left: 90px; \"><b>d) </b>determinar a abertura de sindic\u00e2ncias e processos administrativos;</p>\r\n<p style=\"text-align: justify; padding-left: 90px; \"><b>e) </b>providenciar na expedi\u00e7\u00e3o de certid\u00f5es que forem requeridas \u00e0 C\u00e2mara, relativas a despachos, atos ou informa\u00e7\u00f5es expressamente mencionados, conforme estabelece a Constitui\u00e7\u00e3o Federal;</p>\r\n<p style=\"text-align: justify; padding-left: 90px; \"><b>f)\u00a0\u00a0 </b>fazer ao fim de cada ano, relat\u00f3rio dos trabalhos da C\u00e2mara;</p>\r\n<p style=\"text-align: justify; padding-left: 90px; \"><b>g) </b>prestar, anualmente, contas de sua gest\u00e3o, at\u00e9 15 de mar\u00e7o do ano seguinte, encaminhando-as para serem incorporadas \u00e0s do Executivo;</p>\r\n<p style=\"text-align: justify; padding-left: 90px; \"><b>h) </b>enviar relat\u00f3rio ao Tribunal de Contas, nos termos exigidos por aquela Corte.\u00a0\u00a0\u00a0\u00a0\u00a0\u00a0\u00a0\u00a0\u00a0\u00a0\u00a0\u00a0\u00a0\u00a0\u00a0\u00a0\u00a0\u00a0\u00a0\u00a0\u00a0\u00a0\u00a0\u00a0 <b></b></p>\r\n<p style=\"text-align: justify; padding-left: 30px; \"><b>\u00a7 2\u00ba\u00a0 </b><span>\u00a0Compete, ainda, ao Presidente:</span></p>\r\n<p style=\"text-align: justify; padding-left: 60px; \"><b>a) </b>designar, ouvidos os l\u00edderes, os membros de comiss\u00e3o especial ou de inqu\u00e9rito;</p>\r\n<p style=\"text-align: justify; padding-left: 60px; \"><b>b) </b>designar os membros de comiss\u00e3o de representa\u00e7\u00e3o externa;</p>\r\n<p style=\"text-align: justify; padding-left: 60px; \"><b>c) </b>reunir a Mesa;</p>\r\n<p style=\"text-align: justify; padding-left: 60px; \"><b>d) </b>representar externamente a C\u00e2mara, em ju\u00edzo ou fora dele;</p>\r\n<p style=\"text-align: justify; padding-left: 60px; \"><b>e) </b>convocar suplente de Vereador, nos casos previstos em lei e neste Regimento;</p>\r\n<p style=\"text-align: justify; padding-left: 60px; \"><b>f)\u00a0\u00a0 </b>promover a apura\u00e7\u00e3o de responsabilidade de delitos praticados no recinto da C\u00e2mara;</p>\r\n<p style=\"text-align: justify; padding-left: 60px; \"><b>g) </b>executar as delibera\u00e7\u00f5es do plen\u00e1rio, encaminhando ao Prefeito os pedidos de informa\u00e7\u00f5es e a convoca\u00e7\u00e3o de Secret\u00e1rio;</p>\r\n<p style=\"text-align: justify; padding-left: 60px; \"><b>h) </b>dar andamento legal aos recursos interpostos contra atos seus, da Mesa ou da C\u00e2mara;</p>\r\n<p style=\"text-align: justify; padding-left: 60px; \"><b>i)\u00a0\u00a0 </b>dar posse aos Vereadores que n\u00e3o foram empossados no dia da instala\u00e7\u00e3o da legislatura e aos suplentes convocados;</p>\r\n<p style=\"text-align: justify; padding-left: 60px; \"><b>j)\u00a0\u00a0 </b>licenciar-se da presid\u00eancia, quando precisar ausentar-se do Munic\u00edpio por mais de dez (10) dias, n\u00e3o estando a servi\u00e7o desta;</p>\r\n<p style=\"text-align: justify; padding-left: 60px; \"><b>k) </b>declarar extinto o mandato do Prefeito e Vereadores, nos casos previstos em lei;</p>\r\n<p style=\"text-align: justify; padding-left: 60px; \"><b>l)\u00a0\u00a0 </b>substituir o Prefeito, no impedimento deste e do Vice-Prefeito, ou suced\u00ea-lo, completando o seu mandato, ou at\u00e9 que se realizem novas elei\u00e7\u00f5es, nos termos da legisla\u00e7\u00e3o pertinente;</p>\r\n<p style=\"text-align: justify; padding-left: 60px; \"><b>m)\u00a0\u00a0 </b>assinar as atas das sess\u00f5es, os editais, as portarias e a correspond\u00eancia da C\u00e2mara.\u00a0\u00a0\u00a0\u00a0 <b>\u00a0</b></p>\r\n<p style=\"text-align: justify; \"><b>\u00a0</b></p>\r\n<p style=\"text-align: justify; \"><strong>Art. 33.</strong>\u00a0 Quando cab\u00edvel e com a observ\u00e2ncia de disposi\u00e7\u00f5es legais e regulamentares, o Presidente poder\u00e1 delegar parte de suas atribui\u00e7\u00f5es administrativas e de rela\u00e7\u00f5es externas.</p>\r\n<p style=\"text-align: justify; \">\u00a0</p>\r\n<p style=\"text-align: justify; \"><strong>Art. 34.</strong>\u00a0 O Presidente pode, individualmente, apresentar proposi\u00e7\u00e3o.</p>\r\n<p style=\"text-align: justify; \">\u00a0</p>\r\n<p style=\"text-align: justify; \"><strong>Art. 35.</strong>\u00a0 O Presidente, quando falar da Mesa dos trabalhos, n\u00e3o pode ser aparteado.</p>\r\n<p style=\"text-align: justify; \">\u00a0</p>\r\n<p style=\"text-align: justify; \"><strong>Art. 36.</strong> \u00a0Nos casos de licen\u00e7a do Presidente, de seu impedimento ou aus\u00eancia do Munic\u00edpio por mais de dez (10) dias, o Vice-Presidente ficar\u00e1 investido na plenitude das fun\u00e7\u00f5es da presid\u00eancia.</p>\r\n<p style=\"text-align: justify; \">\u00a0</p>\r\n<p style=\"text-align: center; \">CAP\u00cdTULO III</p>\r\n<p style=\"text-align: center; \"><strong>Dos Secret\u00e1rios</strong></p>\r\n<p style=\"text-align: justify; \">\u00a0</p>\r\n<p style=\"text-align: justify; \"><strong>Art. 37.</strong> \u00a0Ao 1\u00ba Secret\u00e1rio, al\u00e9m de substituir o Vice-Presidente em suas aus\u00eancias ou impedimento, compete:</p>\r\n<p style=\"text-align: justify; padding-left: 30px; \">I \u2013 fazer a chamada dos Vereadores ao abrir-se a sess\u00e3o, anotando os que comparecerem e os que faltaram, e outras ocorr\u00eancias sobre o assunto, assim como encerrar o livro de presen\u00e7a no final da sess\u00e3o;</p>\r\n<p style=\"text-align: justify; padding-left: 30px; \">II \u2013 fazer a chamada dos Vereadores nas outras ocasi\u00f5es determinadas pelo Presidente;</p>\r\n<p style=\"text-align: justify; padding-left: 30px; \">III \u2013 ler a ata quando a leitura for requerida, o expediente do Prefeito e de outras origens, bem como as proposi\u00e7\u00f5es e demais pap\u00e9is que devam ser de conhecimento da C\u00e2mara;</p>\r\n<p style=\"text-align: justify; padding-left: 30px; \">IV - fazer a inscri\u00e7\u00e3o de oradores;</p>\r\n<p style=\"text-align: justify; padding-left: 30px; \">V \u2013 anotar, em cada proposi\u00e7\u00e3o, a decis\u00e3o do plen\u00e1rio;</p>\r\n<p style=\"text-align: justify; padding-left: 30px; \">VI \u2013 encaminhar as proposi\u00e7\u00f5es ao exame das comiss\u00f5es;</p>\r\n<p style=\"text-align: justify; padding-left: 30px; \">VII \u2013 superintender a reda\u00e7\u00e3o da ata, resumindo os trabalhos da sess\u00e3o, e assin\u00e1-la juntamente com o Presidente;</p>\r\n<p style=\"text-align: justify; padding-left: 30px; \">VIII \u2013 assinar com o Presidente os atos da Mesa e os decretos legislativos, resolu\u00e7\u00f5es e leis promulgadas pela presid\u00eancia;</p>\r\n<p style=\"text-align: justify; padding-left: 30px; \">IX \u2013 redigir e transcrever as atas das sess\u00f5es secretas;</p>\r\n<p style=\"text-align: justify; padding-left: 30px; \">X \u2013 inspecionar os servi\u00e7os da Secretaria e fazer observar o regulamento.</p>\r\n<p style=\"text-align: justify; \">\u00a0</p>\r\n<p style=\"text-align: justify; \"><strong>Art. 38</strong> Ao 2\u00ba Secret\u00e1rio compete auxiliar o 1\u00ba Secret\u00e1rio na sua tarefa, substituindo-o nas suas licen\u00e7as, impedimentos e aus\u00eancias.</p>\r\n<p style=\"text-align: justify; \">\u00a0</p>\r\n<p style=\"text-align: center; \">\u00a0CAP\u00cdTULO IV</p>\r\n<p style=\"text-align: center; \"><strong>Dos L\u00edderes</strong></p>\r\n<p style=\"text-align: justify; \">\u00a0</p>\r\n<p style=\"text-align: justify; \"><strong>Art. 39.</strong>\u00a0 Cada bancada ou representa\u00e7\u00e3o partid\u00e1ria na C\u00e2mara indicar\u00e1, no in\u00edcio de cada sess\u00e3o legislativa, um l\u00edder, que falar\u00e1 oficialmente por ela.</p>\r\n<p style=\"text-align: justify; padding-left: 30px; \">\u00a0<strong>Par\u00e1grafo \u00fanico.</strong><span> Poder\u00e1 cada bancada ou representa\u00e7\u00e3o partid\u00e1ria indicar um vice-l\u00edder para cada grupo de quatro (04) Vereadores, que substituir\u00e1 o l\u00edder na sua aus\u00eancia.</span></p>\r\n<p style=\"text-align: justify; \">\u00a0</p>\r\n<p style=\"text-align: justify; \"><strong>Art. 40.</strong> O l\u00edder, a qualquer momento da sess\u00e3o, exceto na ordem do dia, poder\u00e1 usar a palavra para comunica\u00e7\u00e3o urgente e inadi\u00e1vel, devendo, antecipadamente declinar o assunto ao Presidente, que julgar\u00e1 de plano o seu cabimento.</p>\r\n<p style=\"text-align: justify; padding-left: 30px; \">\u00a0<strong>Par\u00e1grafo \u00fanico.</strong><span> A comunica\u00e7\u00e3o a que se refere este artigo \u00e9 prerrogativa de que cada l\u00edder se pode valer s\u00f3 uma vez por sess\u00e3o, sendo-lhe, n\u00e3o obstante, permitido delegar, em cada caso, expressamente a um dos seus liderados a incumb\u00eancia de faz\u00ea-la.</span></p>\r\n<p style=\"text-align: justify; \">\u00a0</p>\r\n<p style=\"text-align: center; \">CAP\u00cdTULO V</p>\r\n<p style=\"text-align: center; \"><strong>Das Comiss\u00f5es</strong></p>\r\n<p style=\"text-align: justify; \">\u00a0</p>\r\n<p style=\"text-align: justify; \"><strong>Art. 41.</strong>\u00a0 As comiss\u00f5es s\u00e3o \u00f3rg\u00e3os t\u00e9cnicos, constitu\u00eddos de Vereadores para, em car\u00e1ter permanente ou transit\u00f3rio, assessorar ou representar a C\u00e2mara.</p>\r\n<p style=\"text-align: justify; \">\u00a0</p>\r\n<p style=\"text-align: justify; \"><strong>Art. 42.</strong> As comiss\u00f5es classificam-se, segundo a sua natureza, em:</p>\r\n<p style=\"text-align: justify; padding-left: 30px; \">I \u2013 permanentes;</p>\r\n<p style=\"text-align: justify; padding-left: 30px; \">II \u2013 tempor\u00e1rias.</p>\r\n<p style=\"text-align: justify; \">\u00a0</p>\r\n<p style=\"text-align: justify; \"><strong>Art. 43.</strong> Na constitui\u00e7\u00e3o das comiss\u00f5es ser\u00e1 assegurada, tanto quanto poss\u00edvel, a representa\u00e7\u00e3o proporcional dos partidos.</p>\r\n<p style=\"text-align: justify; \">\u00a0</p>\r\n<p style=\"text-align: justify; \"><strong>Art. 44.</strong> O Presidente da C\u00e2mara Municipal n\u00e3o poder\u00e1 fazer parte de comiss\u00e3o permanente, especial ou de inqu\u00e9rito.</p>\r\n<p style=\"text-align: justify; \">\u00a0</p>\r\n<p style=\"text-align: center; \">\u00a0SE\u00c7\u00c3O\u00a0 I</p>\r\n<p style=\"text-align: center; \"><strong>Das Comiss\u00f5es Permanentes</strong></p>\r\n<p style=\"text-align: justify; \">\u00a0</p>\r\n<p style=\"text-align: justify; \"><strong>Art. 45.</strong> As comiss\u00f5es permanentes tem por objetivo prestar assessoramento \u00e0 C\u00e2mara, atrav\u00e9s de exame das mat\u00e9rias que lhe forem submetidas, na forma de pareceres ou pela elabora\u00e7\u00e3o de projetos atinentes \u00e0 sua especialidade, e s\u00e3o constitu\u00eddas de tr\u00eas (03) membros, no m\u00ednimo.</p>\r\n<p style=\"text-align: justify; \">\u00a0</p>\r\n<p style=\"text-align: justify; \"><b>Art. 46. </b>As comiss\u00f5es permanentes s\u00e3o:</p>\r\n<p style=\"text-align: justify; padding-left: 90px; \"><b>I - </b>Comiss\u00e3o de Constitui\u00e7\u00e3o e Justi\u00e7a;</p>\r\n<p style=\"text-align: justify; padding-left: 90px; \"><b>II -</b> Comiss\u00e3o de Finan\u00e7as e Or\u00e7amento;</p>\r\n<p style=\"text-align: justify; padding-left: 90px; \"><b>III - </b>Comiss\u00e3o de Obras, Servi\u00e7os P\u00fablicos e Agricultura;</p>\r\n<p style=\"text-align: justify; padding-left: 90px; \"><b>IV - </b>Comiss\u00e3o de Educa\u00e7\u00e3o, Turismo e Desporto; e</p>\r\n<p style=\"text-align: justify; padding-left: 90px; \"><b>V -</b> Comiss\u00e3o de Sa\u00fade e Meio Ambiente</p>\r\n<p style=\"text-align: justify; padding-left: 30px; \">\u00a0<b>\u00a7 1\u00ba - </b><span>Compete \u00e0 Comiss\u00e3o de Constitui\u00e7\u00e3o e Justi\u00e7a:</span></p>\r\n<p style=\"text-align: justify; padding-left: 60px; \"><b>a)</b> opinar sobre o aspecto jur\u00eddico e legal das proposi\u00e7\u00f5es; sobre o veto que tenha por fundamento a inconstitucionalidade de projeto de lei; e mat\u00e9ria que n\u00e3o tenha destina\u00e7\u00e3o explicitamente dada por este Regimento;</p>\r\n<p style=\"text-align: justify; padding-left: 60px; \"><b>b)</b> elaborar a reda\u00e7\u00e3o final de todos os projetos, salvo Or\u00e7amento, c\u00f3digo, Estatuto e Regimento;</p>\r\n<p style=\"text-align: justify; padding-left: 60px; \"><b>c)</b> responder consultas do Presidente, da Mesa, de Comiss\u00e3o ou de Vereador, sobre aspecto jur\u00eddico ou legalidade das proposi\u00e7\u00f5es apresentadas em plen\u00e1rio;</p>\r\n<p style=\"text-align: justify; padding-left: 60px; \"><b>d)</b> dar parecer sobre recurso contra decis\u00e3o da presid\u00eancia;</p>\r\n<p style=\"text-align: justify; padding-left: 60px; \"><b>e) </b>examinar, se for o caso, proposi\u00e7\u00e3o oriunda de autoridade estranha ao Munic\u00edpio, dando-lhe forma adequada de tramita\u00e7\u00e3o ou sugerindo o arquivamento.</p>\r\n<p style=\"text-align: justify; padding-left: 30px; \">\u00a0<b>\u00a7 2\u00ba </b><span>Compete \u00e0 Comiss\u00e3o de Finan\u00e7as e Or\u00e7amento:</span></p>\r\n<p style=\"text-align: justify; padding-left: 60px; \"><b>a) </b>opinar sobre projetos de or\u00e7amentos do Munic\u00edpio e de suas autarquias, abertura de cr\u00e9dito, mat\u00e9ria tribut\u00e1ria, d\u00edvida p\u00fablica e opera\u00e7\u00f5es de cr\u00e9dito; fixa\u00e7\u00e3o ou altera\u00e7\u00e3o da remunera\u00e7\u00e3o dos servidores municipais; presta\u00e7\u00e3o de contas do Prefeito; veto que envolva mat\u00e9ria de ordem financeira; e mat\u00e9ria que envolva altera\u00e7\u00e3o patrimonial para o Munic\u00edpio;</p>\r\n<p style=\"text-align: justify; padding-left: 60px; \"><b>b)</b> elaborar a reda\u00e7\u00e3o final do Or\u00e7amento;</p>\r\n<p style=\"text-align: justify; padding-left: 60px; \"><b>c)</b> acompanhar a execu\u00e7\u00e3o or\u00e7ament\u00e1ria da C\u00e2mara, repondo as medidas necess\u00e1rias ao seu bom andamento;</p>\r\n<p style=\"text-align: justify; padding-left: 60px; \"><b>d)</b> elaborar projeto de Resolu\u00e7\u00e3o sobre as contas da C\u00e2mara.</p>\r\n<p style=\"text-align: justify; padding-left: 30px; \">\u00a0<b>\u00a7 3\u00ba </b><span>Compete \u00e0 Comiss\u00e3o de Obras, Servi\u00e7os P\u00fablicos e Agricultura opinar sobre:</span></p>\r\n<p style=\"text-align: justify; padding-left: 60px; \"><b>a)</b> administra\u00e7\u00e3o de pessoal;</p>\r\n<p style=\"text-align: justify; padding-left: 60px; \"><b>b) </b>execu\u00e7\u00e3o de servi\u00e7os, obras p\u00fablicas, incluindo as de saneamento, no que se refere \u00e0 parte t\u00e9cnica, e agricultura.</p>\r\n<p style=\"text-align: justify; padding-left: 30px; \"><b>\u00a7 4\u00ba </b><span>Compete \u00e0 Comiss\u00e3o de Educa\u00e7\u00e3o, Turismo e Desporto opinar sobre:</span></p>\r\n<p style=\"text-align: justify; padding-left: 60px; \"><b>a)</b> educa\u00e7\u00e3o, turismo e desporto;</p>\r\n<p style=\"text-align: justify; padding-left: 60px; \"><b>b)</b> atividades culturais;</p>\r\n<p style=\"text-align: justify; padding-left: 60px; \"><b>c) </b>recrea\u00e7\u00e3o p\u00fablica;</p>\r\n<p style=\"text-align: justify; \">\u00a0</p>\r\n<p style=\"text-align: justify; \"><strong>Art. 47.</strong>\u00a0 Os membros de comiss\u00e3o permanente ser\u00e3o eleitos mediante indica\u00e7\u00e3o dos respectivos l\u00edderes na mesma sess\u00e3o em que for eleita a Mesa, e a dura\u00e7\u00e3o de sua investidura coincidir\u00e1 com a desta.</p>\r\n<p style=\"text-align: justify; padding-left: 30px; \">\u00a0<strong>Par\u00e1grafo \u00fanico.\u00a0</strong><span>\u00a0 Em caso de empate na elei\u00e7\u00e3o para membro de comiss\u00e3o permanente ser\u00e1 proclamado eleito o mais idoso dos candidatos.</span></p>\r\n<p style=\"text-align: justify; \">\u00a0</p>\r\n<p style=\"text-align: justify; \"><strong>Art. 48.</strong>\u00a0 \u00a0O suplente convocado substituir\u00e1 o titular licenciado na comiss\u00e3o permanente de que fizer parte.</p>\r\n<p style=\"text-align: justify; \">\u00a0</p>\r\n<p style=\"text-align: justify; \"><strong>Art. 49.</strong> \u00a0A primeira reuni\u00e3o ordin\u00e1ria da comiss\u00e3o ser\u00e1 presidida pelo mais idoso de seus membros e se destina \u00e0 elei\u00e7\u00e3o do presidente e do Vice-Presidente.</p>\r\n<p style=\"text-align: justify; padding-left: 30px; \">\u00a0<strong>Par\u00e1grafo \u00fanico.</strong><span>\u00a0 Na elei\u00e7\u00e3o do presidente e do vice-presidente de comiss\u00e3o ser\u00e3o observados os mesmos requisitos estabelecidos neste Regimento para as elei\u00e7\u00f5es dos membros da Mesa.</span></p>\r\n<p style=\"text-align: justify; \">\u00a0</p>\r\n<p style=\"text-align: justify; \"><strong>Art. 50.</strong>\u00a0 O presidente da comiss\u00e3o distribuir\u00e1 a mat\u00e9ria ao relator t\u00e3o logo seja entregue \u00e0 comiss\u00e3o, sendo de at\u00e9 sete (07) dias o prazo para apresenta\u00e7\u00e3o de parecer, ressalvada prorroga\u00e7\u00e3o aprovada pela pr\u00f3pria comiss\u00e3o e a eventualidade de aprova\u00e7\u00e3o de regime de urg\u00eancia, quando o prazo para parecer ficar\u00e1 reduzido \u00e0 ter\u00e7a parte.</p>\r\n<p style=\"text-align: justify; padding-left: 30px; \">\u00a0<strong>\u00a7 1\u00ba</strong><span> Tratando-se de or\u00e7amento, projeto de codifica\u00e7\u00e3o, tomada de contas, emenda \u00e0 Lei Org\u00e2nica ou ao Regimento Interno, os prazos s\u00e3o os especificamente estabelecidos para cada uma dessas mat\u00e9rias.</span></p>\r\n<p style=\"text-align: justify; padding-left: 30px; \">\u00a0<strong>\u00a7 2\u00ba</strong><span> Passados trinta (30) dias sem apresenta\u00e7\u00e3o de parecer, a mat\u00e9ria ser\u00e1 inclu\u00edda na ordem do dia da sess\u00e3o seguinte, a requerimento de qualquer Vereador, com ou sem parecer.</span></p>\r\n<p style=\"text-align: justify; \">\u00a0</p>\r\n<p style=\"text-align: justify; \"><strong>Art. 51.</strong> \u00a0Se o Prefeito julgar urgente projeto de sua iniciativa e solicitar que a sua aprecia\u00e7\u00e3o seja feita no prazo de quarenta e cinco (45) dias conforme prev\u00ea a Lei Org\u00e2nica, ficam mantidos os prazos estabelecidos no artigo anterior.</p>\r\n<p style=\"text-align: justify; padding-left: 30px; \">\u00a0<strong>\u00a7 1\u00ba</strong><span> Esgotado o prazo estabelecido neste artigo, sem delibera\u00e7\u00e3o da C\u00e2mara, o projeto ser\u00e1, automaticamente, inclu\u00eddo na ordem do dia da sess\u00e3o seguinte sobrestando-se a delibera\u00e7\u00e3o quanto aos demais assuntos, at\u00e9 que se ultime a vota\u00e7\u00e3o.</span></p>\r\n<p style=\"text-align: justify; padding-left: 30px; \">\u00a0<strong>\u00a7 2\u00ba</strong><span> O disposto neste artigo n\u00e3o se aplica aos projetos de codifica\u00e7\u00e3o e nem correr\u00e1 prazo durante o per\u00edodo de recesso.</span></p>\r\n<p style=\"text-align: justify; \">\u00a0</p>\r\n<p style=\"text-align: justify; \"><strong>Art.52</strong>. Arequerimento de dois ter\u00e7os (2/3) do plen\u00e1rio, deferido pelo Presidente, qualquer proposi\u00e7\u00e3o, exceto projetos de codifica\u00e7\u00e3o, emenda \u00e0 Lei Org\u00e2nica, de altera\u00e7\u00e3o ao Regimento Interno, de or\u00e7amento do Munic\u00edpio e de cria\u00e7\u00e3o de cargos na C\u00e2mara Municipal, bem como a tomada de contas do Prefeito, poder\u00e1 ser inclu\u00edda de imediato na ordem do dia, com ou sem parecer.</p>\r\n<p style=\"text-align: justify; padding-left: 30px; \">\u00a0<strong>Par\u00e1grafo \u00fanico.</strong><span> \u00a0No caso deste artigo, poder\u00e1 o Presidente suspender a sess\u00e3o pelo tempo necess\u00e1rio a que a comiss\u00e3o examine a mat\u00e9ria e emita parecer.</span></p>\r\n<p style=\"text-align: justify; \">\u00a0</p>\r\n<p style=\"text-align: justify; \"><strong>Art. 53.</strong> \u00a0As reuni\u00f5es das comiss\u00f5es permanentes ocorrer\u00e1 uma vez por semana, em dia e hora predeterminados.</p>\r\n<p style=\"text-align: justify; padding-left: 30px; \">\u00a0<strong>\u00a7 1\u00ba</strong><span> As reuni\u00f5es extraordin\u00e1rias de comiss\u00e3o ser\u00e3o convocadas pelo seu presidente, de of\u00edcio, ou pela maioria de seus membros.</span></p>\r\n<p style=\"text-align: justify; padding-left: 30px; \">\u00a0<strong>\u00a7 2\u00ba</strong><span> Nas reuni\u00f5es das comiss\u00f5es ser\u00e3o obedecidas as mesmas normas das sess\u00f5es plen\u00e1rias, cabendo ao presidente, no \u00e2mbito das suas comiss\u00f5es, atribui\u00e7\u00f5es similares \u00e0s deferidas por este Regimento ao Presidente da C\u00e2mara.</span></p>\r\n<p style=\"text-align: justify; padding-left: 30px; \">\u00a0<strong>\u00a7 3\u00ba</strong><span> O presidente de comiss\u00e3o poder\u00e1 funcionar como relator e ter\u00e1 sempre direito a voto.</span></p>\r\n<p style=\"text-align: justify; padding-left: 30px; \">\u00a0<strong>\u00a7 4\u00ba</strong><span> As reuni\u00f5es de comiss\u00e3o ser\u00e3o instaladas com a presen\u00e7a da maioria de seus membros e as suas decis\u00f5es ser\u00e3o tomadas pela maioria dos presentes.</span></p>\r\n<p style=\"text-align: justify; padding-left: 30px; \">\u00a0<strong>\u00a7 5\u00ba</strong><span> Dos atos do Presidente cabe a qualquer membro de comiss\u00e3o recurso ao plen\u00e1rio.</span></p>\r\n<p style=\"text-align: justify; \">\u00a0</p>\r\n<p style=\"text-align: justify; \"><strong>Art. 54.</strong> \u00a0Poder\u00e3o ser requisitados, por comiss\u00e3o permanente, por interm\u00e9dio do Presidente da C\u00e2mara, independentemente de discuss\u00e3o e vota\u00e7\u00e3o, todas as informa\u00e7\u00f5es que julgar necess\u00e1rias ao estudo das proposi\u00e7\u00f5es.</p>\r\n<p style=\"text-align: justify; padding-left: 30px; \">\u00a0<strong>Par\u00e1grafo \u00fanico.</strong><span> Sempre que comiss\u00e3o solicitar informa\u00e7\u00f5es do Prefeito quanto a projeto de iniciativa do Executivo para o qual foi solicitada urg\u00eancia, o parecer poder\u00e1 ser conclu\u00eddo at\u00e9 quarenta e oito (48) horas ap\u00f3s a resposta do Executivo, desde que o processo ainda se encontre dentro do prazo regimental para decis\u00e3o do plen\u00e1rio.</span></p>\r\n<p style=\"text-align: justify; \">\u00a0</p>\r\n<p style=\"text-align: justify; \"><strong>Art. 55.</strong> O membro de comiss\u00e3o permanente que tiver interesse pessoal na mat\u00e9ria, fica impedido de votar, devendo, por\u00e9m, assinar o respectivo parecer com a ressalva <i>\u201cimpedido\u201d</i>.</p>\r\n<p style=\"text-align: justify; padding-left: 30px; \"><strong>Par\u00e1grafo \u00fanico.</strong><span> \u00a0Em caso de empate na vota\u00e7\u00e3o, o processo tramitar\u00e1 sem parecer de comiss\u00e3o.</span></p>\r\n<p style=\"text-align: justify; \">\u00a0</p>\r\n<p style=\"text-align: justify; \"><strong>Art. 56.</strong> \u00a0Os trabalhos de comiss\u00e3o permanente obedecer\u00e3o \u00e0 seguinte ordem:</p>\r\n<p style=\"text-align: justify; padding-left: 60px; \">I \u2013 leitura, discuss\u00e3o e vota\u00e7\u00e3o da ata da reuni\u00e3o anterior;</p>\r\n<p style=\"text-align: justify; padding-left: 60px; \">II \u2013 leitura do expediente;</p>\r\n<p style=\"text-align: justify; padding-left: 60px; \">III \u2013 ci\u00eancia da mat\u00e9ria distribu\u00edda;</p>\r\n<p style=\"text-align: justify; padding-left: 60px; \">IV \u2013 leitura, discuss\u00e3o e vota\u00e7\u00e3o do parecer.</p>\r\n<p style=\"text-align: justify; padding-left: 30px; \"><span><strong>\u00a7 1\u00ba</strong> Lido o parecer, ter\u00e1 in\u00edcio a discuss\u00e3o, ap\u00f3s o que o Presidente colher\u00e1 os votos.</span></p>\r\n<p style=\"text-align: justify; padding-left: 30px; \"><span><strong>\u00a7 2\u00ba</strong> O pedido de vistas dever\u00e1 ser feito antes da tomada de votos e o prazo de vistas n\u00e3o ser\u00e1 superior \u00e0 cinco (05) dias, e ser\u00e1 comum para todos os requerentes.</span></p>\r\n<p style=\"text-align: justify; padding-left: 30px; \"><span><strong>\u00a7 3\u00ba</strong> \u00c9 vedado pedido de vistas de processo em regime de urg\u00eancia.</span></p>\r\n<p style=\"text-align: justify; padding-left: 30px; \"><span><strong>\u00a7 4\u00ba</strong> Se o parecer for rejeitado, ser\u00e1 designado novo relator, e o primeiro parecer passar\u00e1 a ser voto vencido, que far\u00e1 parte integrante do processo.</span></p>\r\n<p style=\"text-align: justify; \">\u00a0</p>\r\n<p style=\"text-align: justify; \"><strong>Art. 57.</strong> \u00a0As reuni\u00f5es de comiss\u00e3o ser\u00e3o reservadas ou secretas, salvo para os Vereadores.</p>\r\n<p style=\"text-align: justify; padding-left: 30px; \"><span><strong>\u00a7 1\u00ba</strong> \u00c0s reuni\u00f5es reservadas ter\u00e3o acesso, al\u00e9m dos membros da comiss\u00e3o, os demais Vereadores, os funcion\u00e1rios em objeto de servi\u00e7o e as pessoas que para ela forem convidadas.</span></p>\r\n<p style=\"text-align: justify; padding-left: 30px; \"><span><strong>\u00a7 2\u00ba</strong> Das reuni\u00f5es secretas, participar\u00e3o exclusivamente os membros da comiss\u00e3o e o presidente designar\u00e1 um deles para secretari\u00e1-la.</span></p>\r\n<p style=\"text-align: justify; padding-left: 30px; \"><span><br /></span></p>\r\n<p style=\"text-align: center; \">SE\u00c7\u00c3O\u00a0 II</p>\r\n<p style=\"text-align: center; \"><strong>Das Comiss\u00f5es Tempor\u00e1rias</strong></p>\r\n<p style=\"text-align: justify; \">\u00a0</p>\r\n<p style=\"text-align: justify; \"><strong>Art. 58</strong>. As comiss\u00f5es tempor\u00e1rias destinam-se a apreciar assunto relevante ou excepcional, ou a representar a C\u00e2mara, e ser\u00e3o constitu\u00eddas, no m\u00ednimo, de tr\u00eas (03) membros, exceto quando se tratar de representa\u00e7\u00e3o externa.</p>\r\n<p style=\"text-align: justify; \">\u00a0</p>\r\n<p style=\"text-align: justify; \"><strong>Art. 59.</strong> As comiss\u00f5es tempor\u00e1rias poder\u00e3o ser:</p>\r\n<p style=\"text-align: justify; padding-left: 30px; \">I \u2013 especial;</p>\r\n<p style=\"text-align: justify; padding-left: 30px; \">II - de inqu\u00e9rito;</p>\r\n<p style=\"text-align: justify; padding-left: 30px; \">III \u2013 de representa\u00e7\u00e3o externa.</p>\r\n<p style=\"text-align: justify; \">\u00a0</p>\r\n<p style=\"text-align: justify; \"><strong>Art. 60.</strong>\u00a0 As comiss\u00f5es tempor\u00e1rias ser\u00e3o constitu\u00eddas com atribui\u00e7\u00f5es e prazo de funcionamento definidos:</p>\r\n<p style=\"text-align: justify; padding-left: 30px; \">I - mediante requerimento de Vereador, aprovado pelo plen\u00e1rio, quando se tratar de comiss\u00e3o especial ou de representa\u00e7\u00e3o externa;</p>\r\n<p style=\"text-align: justify; padding-left: 30px; \">II - mediante requerimento subscrito por, no m\u00ednimo, um ter\u00e7o (1/3) dos Vereadores que ser\u00e1 deferida de plano pelo Presidente quando se tratar de comiss\u00e3o de inqu\u00e9rito, para apura\u00e7\u00e3o de fato determinado;</p>\r\n<p style=\"text-align: justify; padding-left: 30px; \">III - de of\u00edcio, pelo Presidente da C\u00e2mara, quando se tratar de comiss\u00e3o especial para apreciar emendas \u00e0 Lei Org\u00e2nica, ou altera\u00e7\u00e3o do Regimento Interno.</p>\r\n<p style=\"text-align: justify; padding-left: 30px; \"><strong>Par\u00e1grafo \u00fanico.</strong><span> \u00a0A comiss\u00e3o tempor\u00e1ria, uma vez constitu\u00edda, tem o prazo de cinco (05) dias \u00fateis para se instalar.</span></p>\r\n<p style=\"text-align: justify; \">\u00a0</p>\r\n<p style=\"text-align: center; \">SE\u00c7\u00c3O\u00a0 III</p>\r\n<p style=\"text-align: center; \"><strong>Da Comiss\u00e3o Especial</strong></p>\r\n<p style=\"text-align: justify; \">\u00a0</p>\r\n<p style=\"text-align: justify; \"><strong>Art. 61.</strong> Ser\u00e1 constitu\u00edda a comiss\u00e3o especial para examinar:</p>\r\n<p style=\"text-align: justify; padding-left: 60px; \">I - emenda \u00e0 Lei Org\u00e2nica;</p>\r\n<p style=\"text-align: justify; padding-left: 60px; \">II - altera\u00e7\u00e3o do Regimento Interno;</p>\r\n<p style=\"text-align: justify; padding-left: 60px; \">III - assunto especial ou excepcional.</p>\r\n<p style=\"text-align: justify; padding-left: 30px; \">\u00a0<span><strong>\u00a7 1\u00ba</strong> As comiss\u00f5es especiais previstas nos itens I e II deste artigo ser\u00e3o constitu\u00eddas de of\u00edcio pelo Presidente da C\u00e2mara, que designar\u00e1 seus membros, em n\u00famero n\u00e3o inferior a tr\u00eas (03), ouvidos os l\u00edderes de bancada.</span></p>\r\n<p style=\"text-align: justify; padding-left: 30px; \">\u00a0<span><strong>\u00a7 2\u00ba</strong> As comiss\u00f5es especiais previstas no item III deste artigo ser\u00e3o criadas mediante requerimento, aprovado pelo plen\u00e1rio, que indicar\u00e1 o n\u00famero de seus membros.</span></p>\r\n<p style=\"text-align: justify; \">\u00a0<span>\u00a0</span></p>\r\n<p style=\"text-align: center; \">SE\u00c7\u00c3O\u00a0 IV</p>\r\n<p style=\"text-align: center; \"><strong>Da Comiss\u00e3o de Inqu\u00e9rito</strong></p>\r\n<p style=\"text-align: justify; \">\u00a0</p>\r\n<p style=\"text-align: justify; \"><strong>Art. 62.</strong> Acomiss\u00e3o de inqu\u00e9rito, constitu\u00edda nos termos previstos pela Lei Org\u00e2nica, a requerimento de um ter\u00e7o (1/3) dos Vereadores e deferida de plano pelo Presidente, destina-se a apurar fato determinado que se constitua em irregularidade praticada por agente administrativo ou por Vereador.</p>\r\n<p style=\"text-align: justify; padding-left: 30px; \"><strong>\u00a7 1\u00ba</strong><span> Na constitui\u00e7\u00e3o da comiss\u00e3o de inqu\u00e9rito ficar\u00e1 esclarecida a amplitude das investiga\u00e7\u00f5es a serem feitas.</span></p>\r\n<p style=\"text-align: justify; padding-left: 30px; \"><span><strong>\u00a7 2\u00ba</strong> Deferida a constitui\u00e7\u00e3o de comiss\u00e3o de inqu\u00e9rito e a designa\u00e7\u00e3o de seus membros, em n\u00famero n\u00e3o inferior a tr\u00eas (03), ter\u00e1 ela o prazo de cinco (05) dias \u00fateis para se instalar, sob pena de tornar-se sem efeito a sua constitui\u00e7\u00e3o; e de sessenta (60) dias \u00fateis, prorrog\u00e1veis por mais de trinta (30), para apresentar conclus\u00f5es.</span></p>\r\n<p style=\"text-align: justify; padding-left: 30px; \"><span><strong>\u00a7 3\u00ba</strong> No exerc\u00edcio de suas atribui\u00e7\u00f5es, poder\u00e1 a comiss\u00e3o de inqu\u00e9rito determinar dilig\u00eancias, ouvir acusados, inquerir testemunhas, requisitar informa\u00e7\u00f5es, determinar per\u00edcias e tudo o mais que se fizer necess\u00e1rio para obter o esclarecimento dos fatos, assegurada ampla defesa aos indiciados.</span></p>\r\n<p style=\"text-align: justify; padding-left: 30px; \"><span><strong>\u00a7 4\u00ba</strong> Testemunhas e acusados ser\u00e3o intimados, de acordo com a legisla\u00e7\u00e3o vigente, para prestarem depoimento, que ser\u00e1 reduzido a termo.</span></p>\r\n<p style=\"text-align: justify; padding-left: 30px; \"><span><strong>\u00a7 5\u00ba</strong> As conclus\u00f5es do trabalho da comiss\u00e3o de inqu\u00e9rito constar\u00e3o de relat\u00f3rio e de projeto de resolu\u00e7\u00e3o, que, se for o caso, ser\u00e3o encaminhados ao Minist\u00e9rio P\u00fablico.</span></p>\r\n<p style=\"text-align: justify; padding-left: 30px; \"><span><strong>\u00a7 6\u00ba</strong> O projeto de resolu\u00e7\u00e3o ser\u00e1 enviado ao plen\u00e1rio, com o relat\u00f3rio e as provas.</span></p>\r\n<p style=\"text-align: justify; padding-left: 30px; \"><span><strong>\u00a7 7\u00ba</strong> Se a comiss\u00e3o concluir pela improced\u00eancia das acusa\u00e7\u00f5es, ser\u00e1 votado o relat\u00f3rio.</span></p>\r\n<p style=\"text-align: justify; padding-left: 30px; \"><span><strong>\u00a7 8\u00ba</strong> A Mesa executar\u00e1 as provid\u00eancias recomendadas pelo plen\u00e1rio.</span></p>\r\n<p style=\"text-align: justify; padding-left: 30px; \"><span><strong>\u00a7 9\u00ba</strong> N\u00e3o poder\u00e3o funcionar mais de tr\u00eas (03) comiss\u00f5es de inqu\u00e9rito simultaneamente.</span></p>\r\n<p style=\"text-align: justify; \">\u00a0</p>\r\n<p style=\"text-align: center; \">SE\u00c7\u00c3O\u00a0 V</p>\r\n<p style=\"text-align: center; \"><strong>Da Comiss\u00e3o de Representa\u00e7\u00e3o Externa</strong></p>\r\n<p style=\"text-align: justify; \">\u00a0</p>\r\n<p style=\"text-align: justify; \"><strong>Art. 63.</strong> A comiss\u00e3o de representa\u00e7\u00e3o externa, ser\u00e1 constitu\u00edda, a requerimento de Vereador aprovado pelo plen\u00e1rio, com a incumb\u00eancia expressa e limitada para representar a C\u00e2mara em ato para o qual esta tenha sido convidada ou a que haja de assistir.</p>\r\n<p style=\"text-align: justify; padding-left: 30px; \"><span><strong>\u00a7 1\u00ba</strong> Os integrantes da comiss\u00e3o de representa\u00e7\u00e3o externa ser\u00e3o designados de of\u00edcio pelo Presidente da C\u00e2mara.</span></p>\r\n<p style=\"text-align: justify; padding-left: 30px; \"><span><strong>\u00a7 2\u00ba</strong> O Presidente, se o desejar, integrar\u00e1 automaticamente a comiss\u00e3o de representa\u00e7\u00e3o externa.</span></p>\r\n<p style=\"text-align: justify; padding-left: 30px; \"><span><strong>\u00a7 3\u00ba</strong> A comiss\u00e3o de representa\u00e7\u00e3o apresentar\u00e1 ao plen\u00e1rio um relat\u00f3rio de sua miss\u00e3o.</span></p>\r\n<p style=\"text-align: justify; \">\u00a0</p>\r\n<p style=\"text-align: center; \">SE\u00c7\u00c3O\u00a0 VI</p>\r\n<p style=\"text-align: center; \"><strong>Da Comiss\u00e3o Representativa</strong></p>\r\n<p style=\"text-align: justify; \">\u00a0</p>\r\n<p style=\"text-align: justify; \"><strong>Art. 64.</strong> A Comiss\u00e3o Representativa ser\u00e1 constitu\u00edda na forma deste Regimento da qual o Presidente \u00e9 membro nato e ter\u00e1 as atribui\u00e7\u00f5es seguintes:</p>\r\n<p style=\"text-align: justify; padding-left: 60px; \"><strong>a)</strong>\u00a0\u00a0 representar o Poder Legislativo;</p>\r\n<p style=\"text-align: justify; padding-left: 60px; \"><strong>b)</strong>\u00a0\u00a0 convocar a C\u00e2mara extraordinariamente por solicita\u00e7\u00e3o do Prefeito ou por decis\u00e3o de seus membros;</p>\r\n<p style=\"text-align: justify; padding-left: 60px; \"><strong>c)</strong>\u00a0\u00a0 autorizar o Prefeito a afastar-se do Munic\u00edpio nos casos previstos na Lei Org\u00e2nica.</p>\r\n<p style=\"text-align: justify; padding-left: 30px; \"><span><strong>\u00a7 1\u00ba</strong> Os demais membros da Comiss\u00e3o Representativa ser\u00e3o eleitos na \u00faltima sess\u00e3o ordin\u00e1ria do per\u00edodo legislativo.</span></p>\r\n<p style=\"text-align: justify; padding-left: 30px; \"><strong>\u00a7 2\u00ba</strong> Ser\u00e3o eleitos tamb\u00e9m suplentes da Comiss\u00e3o Representativa, se poss\u00edvel do mesmo Partido que os titulares, para substitu\u00ed-los em caso de licen\u00e7a.</p>\r\n<p style=\"text-align: justify; \">\u00a0</p>\r\n<p style=\"text-align: justify; \"><strong>Art.65.</strong> AComiss\u00e3o Representativa reunir-se-\u00e1 ordinariamente uma vez por m\u00eas, durante os recessos.</p>\r\n<p style=\"text-align: justify; padding-left: 30px; \"><span><strong>\u00a7 1\u00ba</strong> Todos os Vereadores poder\u00e3o participar das reuni\u00f5es, por\u00e9m s\u00f3 os membros da Comiss\u00e3o Representativa ter\u00e3o direito a voto.</span></p>\r\n<p style=\"text-align: justify; padding-left: 30px; \"><span><strong>\u00a7 2\u00ba</strong> Para os trabalhos da Comiss\u00e3o Representativa, em tudo o que lhe for aplic\u00e1vel, vigorar\u00e3o as normas regimentais que regulam o funcionamento da C\u00e2mara e de comiss\u00e3o permanente.</span></p>\r\n<p style=\"text-align: justify; padding-left: 30px; \"><span><strong>\u00a7 3\u00ba</strong> A ata da \u00faltima reuni\u00e3o da Comiss\u00e3o Representativa ser\u00e1 assinada ao t\u00e9rmino da mesma reuni\u00e3o.</span></p>\r\n<p style=\"text-align: justify; \">\u00a0</p>\r\n<p style=\"text-align: justify; \">\u00a0</p>\r\n<p style=\"text-align: center; \">SE\u00c7\u00c3O\u00a0 VII</p>\r\n<p style=\"text-align: center; \"><strong>Dos Pareceres</strong></p>\r\n<p style=\"text-align: justify; \">\u00a0</p>\r\n<p style=\"text-align: justify; \"><strong>Art. 66.</strong> O parecer de comiss\u00e3o dever\u00e1 apreciar a mat\u00e9ria e registrar, ao final, a posi\u00e7\u00e3o, sendo poss\u00edvel, mas dispens\u00e1vel, a emiss\u00e3o de parecer individual.</p>\r\n<p style=\"text-align: justify; padding-left: 30px; \"><span><strong>\u00a7 1\u00ba</strong> O parecer de comiss\u00e3o concluir\u00e1 por:</span></p>\r\n<p style=\"text-align: justify; padding-left: 60px; \"><strong>a)</strong>\u00a0\u00a0 aprova\u00e7\u00e3o; ou</p>\r\n<p style=\"text-align: justify; padding-left: 60px; \"><strong>b)\u00a0</strong>\u00a0 rejei\u00e7\u00e3o.</p>\r\n<p style=\"text-align: justify; padding-left: 30px; \"><span><strong>\u00a7 2\u00ba</strong> Na contagem dos votos emitidos em reuni\u00e3o de comiss\u00e3o, tamb\u00e9m s\u00e3o considerados:</span></p>\r\n<p style=\"text-align: justify; padding-left: 60px; \"><strong>a)</strong> a favor do parecer, os emitidos <i>\u201cpelas conclus\u00f5es\u201d</i> ou <i>\u201ccom restri\u00e7\u00f5es\u201d</i>;</p>\r\n<p style=\"text-align: justify; padding-left: 60px; \"><strong>b)</strong>\u00a0\u00a0 contra o parecer, os <i>\u201cvencidos\u201d</i>.\u00a0</p>\r\n<p style=\"text-align: justify; \">\u00a0</p>\r\n<p style=\"text-align: justify; \"><strong>Art. 67.</strong> Todos os membros de comiss\u00e3o que participarem da delibera\u00e7\u00e3o assinar\u00e3o o parecer, indicando o seu voto.</p>\r\n<p style=\"text-align: justify; padding-left: 30px; \"><strong>Par\u00e1grafo \u00fanico.</strong><span> \u00a0Apresentando o parecer, a comiss\u00e3o encaminh\u00e1-lo-\u00e1 ao Presidente da C\u00e2mara.</span></p>\r\n<p style=\"text-align: justify; \">\u00a0</p>\r\n<p style=\"text-align: center; \">T\u00cdTULO\u00a0 III</p>\r\n<p style=\"text-align: center; \"><strong>Das Sess\u00f5es</strong></p>\r\n<p style=\"text-align: center; \">\u00a0</p>\r\n<p style=\"text-align: center; \">CAP\u00cdTULO\u00a0 I</p>\r\n<p style=\"text-align: center; \"><strong>Disposi\u00e7\u00f5es Preliminares</strong></p>\r\n<p style=\"text-align: justify; \">\u00a0</p>\r\n<p style=\"text-align: justify; \"><strong>Art. 68.</strong> \u00a0As sess\u00f5es ser\u00e3o p\u00fablicas sendo o plen\u00e1rio o \u00f3rg\u00e3o\u00a0 deliberativo da C\u00e2mara que \u00e9 constitu\u00eddo pela reuni\u00e3o dos Vereadores, em local, forma e <i>\u201cquorum\u201d</i> bastante para funcionar.</p>\r\n<p style=\"text-align: justify; padding-left: 30px; \"><span><strong>\u00a7 1\u00ba</strong> As sess\u00f5es ser\u00e3o realizadas na sede da C\u00e2mara no local a esse fim destinado.</span></p>\r\n<p style=\"text-align: justify; padding-left: 30px; \"><span><strong>\u00a7 2\u00ba</strong> As delibera\u00e7\u00f5es ser\u00e3o tomadas durante as sess\u00f5es.</span></p>\r\n<p style=\"text-align: justify; padding-left: 30px; \"><strong>\u00a7 3\u00ba</strong> <i>\u201cQuorum\u201d</i> \u00e9 o n\u00famero de Vereadores presentes para a realiza\u00e7\u00e3o das sess\u00f5es e para as delibera\u00e7\u00f5es.</p>\r\n<p style=\"text-align: justify; \">\u00a0</p>\r\n<p style=\"text-align: justify; \"><strong>Art. 69.</strong> \u00a0As sess\u00f5es da C\u00e2mara s\u00e3o:</p>\r\n<p style=\"text-align: justify; padding-left: 30px; \">I\u0336 \u0336-\u0336 \u0336o\u0336r\u0336d\u0336i\u0336n\u0336\u00e1\u0336r\u0336i\u0336a\u0336,\u0336 \u0336a\u0336s\u0336 \u0336r\u0336e\u0336a\u0336l\u0336i\u0336z\u0336a\u0336d\u0336a\u0336s\u0336 \u0336d\u0336u\u0336a\u0336s\u0336 \u0336v\u0336e\u0336z\u0336e\u0336s\u0336 \u0336p\u0336o\u0336r\u0336 \u0336m\u0336\u00ea\u0336s\u0336,\u0336 \u0336p\u0336r\u0336e\u0336f\u0336e\u0336r\u0336e\u0336n\u0336c\u0336i\u0336a\u0336l\u0336m\u0336e\u0336n\u0336t\u0336e\u0336 \u0336\u00e0\u0336s\u0336 \u0336t\u0336e\u0336r\u0336\u00e7\u0336a\u0336s\u0336 \u0336f\u0336e\u0336i\u0336r\u0336a\u0336s\u0336,\u0336 \u0336\u00e0\u0336s\u0336 \u03362\u03360\u0336:\u03360\u03360\u0336 \u0336h\u0336o\u0336r\u0336a\u0336s\u0336;\u00a0<i>(alterado pela Lei Municipal n\u00b0 114/2014)</i></p>\r\n<p align=\"left\" style=\"text-align: justify; padding-left: 30px; \">I - ordin\u00e1ria, as realizadas duas vezes por m\u00eas, preferencialmente \u00e0s ter\u00e7as feiras, iniciando entre \u00e0s 18:30 horas e 20:00 horas, sendo que hor\u00e1rio e dia, de in\u00edcio da sess\u00e3o ser\u00e1 sempre comunicado na sess\u00e3o anterior ou atrav\u00e9s de projeto de resolu\u00e7\u00e3o;</p>\r\n<p style=\"text-align: justify; padding-left: 30px; \">II - extraordin\u00e1ria, a realizada fora dos dias ou do hor\u00e1rio da(s) ordin\u00e1ria(s);</p>\r\n<p style=\"text-align: justify; padding-left: 30px; \">III - secreta;</p>\r\n<p style=\"text-align: justify; padding-left: 30px; \">IV - solene;</p>\r\n<p style=\"text-align: justify; padding-left: 30px; \">V - especial.</p>\r\n<p style=\"text-align: justify; \">\u00a0</p>\r\n<p style=\"text-align: justify; \"><strong>A\u0336r\u0336t\u0336.\u0336 \u03367\u03360\u0336.\u0336</strong> \u0336A\u0336 \u0336s\u0336e\u0336s\u0336s\u0336\u00e3\u0336o\u0336 \u0336o\u0336r\u0336d\u0336i\u0336n\u0336\u00e1\u0336r\u0336i\u0336a\u0336 \u0336t\u0336e\u0336r\u0336\u00e1\u0336 \u0336i\u0336n\u0336\u00ed\u0336c\u0336i\u0336o\u0336 \u0336\u00e0\u0336s\u0336 \u03362\u03360\u0336:\u03360\u03360\u0336 \u0336h\u0336o\u0336r\u0336a\u0336s\u0336 \u0336e\u0336 \u0336a\u0336 \u0336d\u0336u\u0336r\u0336a\u0336\u00e7\u0336\u00e3\u0336o\u0336 \u0336d\u0336e\u0336 \u0336a\u0336t\u0336\u00e9\u0336 \u0336q\u0336u\u0336a\u0336t\u0336r\u0336o\u0336 \u0336(\u03360\u03364\u0336)\u0336 \u0336h\u0336o\u0336r\u0336a\u0336s\u0336.\u00a0<i>(alterado pela Lei Municipal n\u00b0 115/2014)</i></p>\r\n<p align=\"left\" style=\"text-align: justify; \"><strong>Art. 70.</strong> A sess\u00e3o ordin\u00e1ria ter\u00e1 in\u00edcio entre \u00e0s 18:30 horas e 20:00 horas, e a dura\u00e7\u00e3o de at\u00e9 quatro (04) horas.</p>\r\n<p style=\"text-align: justify; \">\u00a0</p>\r\n<p style=\"text-align: justify; \"><strong>Art. 71.</strong> A C\u00e2mara poder\u00e1 determinar que parte da sess\u00e3o seja destinada a comemora\u00e7\u00e3o, homenagem ou recep\u00e7\u00e3o de personalidade visitante.</p>\r\n<p style=\"text-align: justify; \">\u00a0</p>\r\n<p style=\"text-align: justify; \"><strong>Art. 72.</strong> \u00a0Durante a sess\u00e3o, al\u00e9m dos Vereadores, poder\u00e3o excepcionalmente, usar da palavra visitantes recepcionados ou homenageados, o Prefeito, Secret\u00e1rios Municipais e Diretos de autarquias ou de \u00f3rg\u00e3os equivalentes, convocados ou espontaneamente presentes.</p>\r\n<p style=\"text-align: justify; padding-left: 30px; \">\u00a0<span><strong>\u00a7 1\u00ba</strong> O orador submeter-se-\u00e1 \u00e0s seguintes normas:</span></p>\r\n<p style=\"text-align: justify; padding-left: 60px; \"><strong>a)</strong>\u00a0\u00a0\u00a0 falar\u00e1 de p\u00e9, exceto o Presidente, e s\u00f3 por enfermidade poder\u00e1 obter permiss\u00e3o para falar sentado;</p>\r\n<p style=\"text-align: justify; padding-left: 60px; \"><strong>b)</strong>\u00a0\u00a0 dirigir-se-\u00e3o ao Presidente ou ao Plen\u00e1rio;</p>\r\n<p style=\"text-align: justify; padding-left: 60px; \"><strong>c)\u00a0</strong>\u00a0 dar\u00e1 aos Vereadores o tratamento de <i>\u201csenhoria\u201d</i>.\u00a0\u00a0\u00a0\u00a0\u00a0</p>\r\n<p style=\"text-align: justify; padding-left: 30px; \">\u00a0<strong>\u00a7 2\u00ba</strong><span> O orador n\u00e3o poder\u00e1 ser interrompido, a n\u00e3o ser para:</span></p>\r\n<p style=\"text-align: justify; padding-left: 60px; \"><strong>a)\u00a0</strong>\u00a0 formula\u00e7\u00e3o de quest\u00f5es de ordem;</p>\r\n<p style=\"text-align: justify; padding-left: 60px; \"><strong>b)</strong>\u00a0\u00a0 requerimento de prorroga\u00e7\u00e3o de sess\u00e3o.</p>\r\n<p style=\"text-align: justify; \">\u00a0</p>\r\n<p style=\"text-align: justify; \"><strong>Art. 73.</strong> \u00a0Durante a sess\u00e3o \u00e9 vedado o acesso de pessoa estranha ao plen\u00e1rio, a n\u00e3o ser expressamente autorizado pelo Presidente, ou de funcion\u00e1rio que ali n\u00e3o exer\u00e7a atividade, a n\u00e3o ser em objeto de servi\u00e7o.</p>\r\n<p style=\"text-align: justify; \">\u00a0</p>\r\n<p style=\"text-align: justify; \"><strong>Art. 74.</strong> \u00a0Ser\u00e1 dada ampla publicidade \u00e0s sess\u00f5es da C\u00e2mara, facilitando-se o trabalho da imprensa, publicando-se a pauta e o resumo dos trabalhos no quadro de avisos da C\u00e2mara, ou de outra forma que a Mesa entender melhor.</p>\r\n<p style=\"text-align: justify; \">\u00a0</p>\r\n<p style=\"text-align: center; \">CAP\u00cdTULO\u00a0 II</p>\r\n<p style=\"text-align: center; \"><strong>Do \u201cQuorum\u201d</strong></p>\r\n<p style=\"text-align: justify; \">\u00a0</p>\r\n<p style=\"text-align: justify; \"><strong>Art. 75.</strong>\u00a0 <i>\u201cQuorum\u201d</i> \u00e9 o n\u00famero m\u00ednimo de Vereadores presentes para a realiza\u00e7\u00e3o de sess\u00e3o, reuni\u00e3o comiss\u00e3o ou delibera\u00e7\u00e3o.</p>\r\n<p style=\"text-align: justify; \">\u00a0</p>\r\n<p style=\"text-align: justify; \"><strong>Art. 76.</strong> \u00c9 necess\u00e1ria a presen\u00e7a de, pelo menos, um ter\u00e7o (1/3) de seus membros para que a C\u00e2mara se re\u00fana, e da maioria absoluta de seus membros para que delibere.</p>\r\n<p style=\"text-align: justify; padding-left: 30px; \"><span><strong>\u00a7 1\u00ba</strong> As delibera\u00e7\u00f5es ser\u00e3o tomadas por maioria dos votos, presente a maioria dos membros da C\u00e2mara, salvo os casos expressos neste Cap\u00edtulo.</span></p>\r\n<p style=\"text-align: justify; padding-left: 30px; \"><span><strong>\u00a7 2\u00ba</strong> S\u00e3o exigidos os votos favor\u00e1veis de, pelo menos, dois ter\u00e7os (2/3) dos membros da C\u00e2mara Municipal para:</span></p>\r\n<p style=\"text-align: justify; padding-left: 60px; \"><strong>a)</strong> aprova\u00e7\u00e3o de decreto legislativo que contrariar o parecer pr\u00e9vio do Tribunal de Contas do Estado, sobre as contas que o Prefeito deve prestar anualmente;</p>\r\n<p style=\"text-align: justify; padding-left: 60px; \"><strong>b)</strong> altera\u00e7\u00e3o da Lei Org\u00e2nica que exigir\u00e1, ainda, duas nota\u00e7\u00f5es com interst\u00edcio m\u00ednimo de dez dias.\u00a0</p>\r\n<p style=\"text-align: justify; padding-left: 30px; \"><span><strong>\u00a7 3\u00ba</strong> \u00c9 exigido o voto favor\u00e1vel da maioria absoluta dos membros da C\u00e2mara para:</span></p>\r\n<p style=\"text-align: justify; padding-left: 60px; \"><strong>a)\u00a0</strong>\u00a0 rejei\u00e7\u00e3o de veto do Prefeito;</p>\r\n<p style=\"text-align: justify; padding-left: 60px; \"><strong>b)</strong> aprova\u00e7\u00e3o de resolu\u00e7\u00e3o ou lei que crie cargo na C\u00e2mara Municipal.</p>\r\n<p style=\"text-align: justify; \">\u00a0</p>\r\n<p style=\"text-align: justify; \"><strong>Art. 77.</strong> Adeclara\u00e7\u00e3o de <i>\u201cquorum\u201d</i>, questionada ou n\u00e3o, ser\u00e1 feita pelo presidente ap\u00f3s a chamada nominal dos Vereadores.</p>\r\n<p style=\"text-align: justify; padding-left: 30px; \"><span><strong>Par\u00e1grafo \u00fanico.</strong> \u00a0Verificada a falta de </span><i>\u201cquorum\u201d</i><span> para a vota\u00e7\u00e3o da ordem do dia, a sess\u00e3o ser\u00e1 levantada, perdendo o Vereador ausente a parte vari\u00e1vel da remunera\u00e7\u00e3o do dia. \u00a0</span></p>\r\n<p style=\"text-align: justify; \">\u00a0</p>\r\n<p style=\"text-align: center; \">\u00a0CAP\u00cdTULO\u00a0 III</p>\r\n<p style=\"text-align: center; \"><strong>Das Sess\u00f5es Ordin\u00e1rias</strong></p>\r\n<p style=\"text-align: center; \">\u00a0</p>\r\n<p style=\"text-align: center; \">SE\u00c7\u00c3O\u00a0 I</p>\r\n<p style=\"text-align: center; \"><strong>Disposi\u00e7\u00f5es Preliminares</strong></p>\r\n<p style=\"text-align: justify; \">\u00a0</p>\r\n<p style=\"text-align: justify; \"><strong>Art.78.</strong> A sess\u00e3o ordin\u00e1ria destina-se as atividades normais de plen\u00e1rio.</p>\r\n<p style=\"text-align: justify; padding-left: 30px; \"><strong>\u00a7 1\u00ba</strong> \u00c0 hora de abertura da sess\u00e3o, o Presidente determinar\u00e1 se proceda a chamada e s\u00f3 dar\u00e1 in\u00edcio aos trabalhos se estiver presente, no m\u00ednimo, um ter\u00e7o (1/3) dos Vereadores.</p>\r\n<p style=\"text-align: justify; padding-left: 30px; \"><span><strong>\u00a7 2\u00ba</strong> N\u00e3o havendo n\u00famero para abrir a sess\u00e3o, o Presidente comunicar\u00e1 o fato aos presentes e determinar\u00e1 a lavratura de </span><i>\u201cata declarat\u00f3ria\u201d</i><span>, perdendo os ausentes a parte vari\u00e1vel da remunera\u00e7\u00e3o correspondente \u00e0 sess\u00e3o.</span></p>\r\n<p style=\"text-align: justify; padding-left: 30px; \"><span><strong>\u00a7 3\u00ba</strong> Em nenhuma hip\u00f3tese o plen\u00e1rio tomar qualquer delibera\u00e7\u00e3o sem a presen\u00e7a da maioria de seus membros.</span></p>\r\n<p style=\"text-align: justify; \">\u00a0</p>\r\n<p style=\"text-align: center; \">SE\u00c7\u00c3O\u00a0 II</p>\r\n<p style=\"text-align: center; \"><strong>Da Divis\u00e3o da Sess\u00e3o Ordin\u00e1ria</strong></p>\r\n<p style=\"text-align: justify; \">\u00a0</p>\r\n<p style=\"text-align: justify; \"><strong>Art. 79.</strong> A sess\u00e3o ordin\u00e1ria, com a dura\u00e7\u00e3o normal de at\u00e9 quatro (04) horas, divide-se nas seguintes partes:</p>\r\n<p style=\"text-align: justify; padding-left: 60px; \">I - verifica\u00e7\u00e3o de <i>\u201cquorum\u201d</i>, leitura e vota\u00e7\u00e3o da ata da sess\u00e3o anterior, leitura das correspond\u00eancias e das proposi\u00e7\u00f5es enviadas \u00e0 Mesa, no prazo m\u00e1ximo de quinze (15) minutos;</p>\r\n<p style=\"text-align: justify; padding-left: 60px; \">II - grande expediente, com a dura\u00e7\u00e3o m\u00e1xima de uma (01) hora, sendo quinze (15) minutos para cada orador at\u00e9 o m\u00e1ximo e quatro (04);</p>\r\n<p style=\"text-align: justify; padding-left: 60px; \">III - comunica\u00e7\u00f5es, com a dura\u00e7\u00e3o de vinte (20) minutos, sendo cinco (05) minutos para cada orador, at\u00e9 o m\u00e1ximo de quatro (04);</p>\r\n<p style=\"text-align: justify; padding-left: 60px; \">IV - ordem do dia, aberta com nova verifica\u00e7\u00e3o de <i>\u201cquorum\u201d</i>, com prefer\u00eancia absoluta, at\u00e9 esgotar-se a mat\u00e9ria ou at\u00e9 terminar o prazo regimental da sess\u00e3o (04 horas);</p>\r\n<p style=\"text-align: justify; padding-left: 60px; \">V - explica\u00e7\u00e3o pessoal, com cinco (05) minutos para cada orador, at\u00e9 o m\u00e1ximo de tr\u00eas (03), caso haja disponibilidade de tempo dentro do hor\u00e1rio normal da sess\u00e3o.</p>\r\n<p style=\"text-align: justify; padding-left: 30px; \"><span><strong>\u00a7 1\u00ba</strong> Esgotado o tempo constante do item I, se ainda houver pap\u00e9is sobre a Mesa, ser\u00e3o consignados em ata e encaminhados \u00e0 tramita\u00e7\u00e3o regular.</span></p>\r\n<p style=\"text-align: justify; padding-left: 30px; \"><span><strong>\u00a7 2\u00ba</strong> O Vereador pode requerer retifica\u00e7\u00e3o de ata, o que ser\u00e1 feito por escrito e submetido \u00e0 vota\u00e7\u00e3o na pr\u00f3xima sess\u00e3o, sem discuss\u00e3o.</span></p>\r\n<p style=\"text-align: justify; \">\u00a0</p>\r\n<p style=\"text-align: center; \">SE\u00c7\u00c3O\u00a0 III</p>\r\n<p style=\"text-align: center; \"><strong>Das Inscri\u00e7\u00f5es</strong></p>\r\n<p style=\"text-align: justify; \">\u00a0</p>\r\n<p style=\"text-align: justify; \"><strong>Art. 80.</strong> As inscri\u00e7\u00f5es para o grande expediente e comunica\u00e7\u00e3o ser\u00e3o feitas pela Mesa, mediante rod\u00edzio permanente na seq\u00fc\u00eancia alfab\u00e9tica dos nomes, exceto para o Presidente, que poder\u00e1 ter sua inscri\u00e7\u00e3o intransfer\u00edvel assegurada a qualquer momento.</p>\r\n<p style=\"text-align: justify; \">\u00a0</p>\r\n<p style=\"text-align: justify; \"><strong>Art. 81.</strong> \u00a0A palavra ser\u00e1 concedida aos Vereadores pela ordem de inscri\u00e7\u00e3o, sendo esta cancelada quando o orador estiver ausente ou ceder seu tempo a outro Vereador.</p>\r\n<p style=\"text-align: justify; padding-left: 30px; \"><span><strong>\u00a7 1\u00ba</strong> O Vereador pode ceder sua inscri\u00e7\u00e3o no grande expediente ou comunica\u00e7\u00f5es a um colega, ou dela desistir e, se ausente, perder\u00e1 a inscri\u00e7\u00e3o.</span></p>\r\n<p style=\"text-align: justify; padding-left: 30px; \"><span><strong>\u00a7 2\u00ba</strong> A cess\u00e3o de inscri\u00e7\u00e3o de que fala o par\u00e1grafo anterior s\u00f3 poder\u00e1 ser feita integralmente.</span></p>\r\n<p style=\"text-align: justify; \">\u00a0</p>\r\n<p style=\"text-align: justify; \"><strong>Art. 82.</strong>\u00a0 \u00a0\u00c9 vedada uma segunda inscri\u00e7\u00e3o para falar na mesma fase da sess\u00e3o.\u00a0\u00a0\u00a0\u00a0\u00a0\u00a0\u00a0\u00a0\u00a0\u00a0\u00a0\u00a0\u00a0\u00a0\u00a0\u00a0\u00a0\u00a0\u00a0\u00a0\u00a0\u00a0\u00a0</p>\r\n<p style=\"text-align: justify; \">\u00a0</p>\r\n<p style=\"text-align: center; \">SE\u00c7\u00c3O\u00a0 IV</p>\r\n<p style=\"text-align: center; \"><strong>Da Dura\u00e7\u00e3o dos Discursos</strong></p>\r\n<p style=\"text-align: justify; \">\u00a0</p>\r\n<p style=\"text-align: justify; \"><strong>Art. 83.</strong> \u00a0O Vereador ter\u00e1 \u00e0 sua disposi\u00e7\u00e3o, al\u00e9m dos tempos previstos nas diversas fases em que se divide a sess\u00e3o ordin\u00e1ria:</p>\r\n<p style=\"text-align: justify; padding-left: 60px; \">I - cinco (05) minutos para comunica\u00e7\u00e3o de l\u00edder, quest\u00e3o de ordem, sustenta\u00e7\u00e3o de recurso ao plen\u00e1rio de despacho do Presidente, e encaminhamento de vota\u00e7\u00e3o;</p>\r\n<p style=\"text-align: justify; padding-left: 60px; \">II - dez (10) minutos para discuss\u00e3o de mat\u00e9ria na ordem do dia e em casos especiais n\u00e3o previstos neste Regimento e deferidos pelo Presidente;</p>\r\n<p style=\"text-align: justify; padding-left: 60px; \">III - quinze (15) minutos para discuss\u00e3o do or\u00e7amento e da presta\u00e7\u00e3o de contas do Prefeito;</p>\r\n<p style=\"text-align: justify; padding-left: 60px; \">IV \u2013 vinte (20) minutos para discuss\u00e3o de mat\u00e9ria da ordem do dia, quando autor ou relator da proposi\u00e7\u00e3o.</p>\r\n<p style=\"text-align: justify; padding-left: 30px; \"><span><strong>Par\u00e1grafo \u00fanico.</strong> Quando a mat\u00e9ria da ordem do dia for debatida por partes, o tempo de cada orador, para discuss\u00e3o de cada parte, ser\u00e1 de cinco (05) minutos, e de dez (10) para o autor ou relator, improrrog\u00e1veis.</span></p>\r\n<p style=\"text-align: justify; \">\u00a0</p>\r\n<p style=\"text-align: center; \">SE\u00c7\u00c3O\u00a0 V</p>\r\n<p style=\"text-align: center; \"><strong>Do Aparte</strong></p>\r\n<p style=\"text-align: justify; \">\u00a0</p>\r\n<p style=\"text-align: justify; \"><strong>Art. 84.\u00a0</strong> Aparte \u00e9 a interrup\u00e7\u00e3o do discurso, breve e oportuna, para indaga\u00e7\u00e3o, contesta\u00e7\u00e3o ou esclarecimento sobre a mat\u00e9ria:</p>\r\n<p style=\"text-align: justify; padding-left: 30px; \"><span><strong>\u00a7 1\u00ba</strong> O aparte s\u00f3 ser\u00e1 permitido com a licen\u00e7a expressa do orador.</span></p>\r\n<p style=\"text-align: justify; padding-left: 30px; \"><strong>\u00a7 2\u00ba</strong> N\u00e3o ser\u00e1 registrado o aparte anti-regimental.</p>\r\n<p style=\"text-align: justify; \">\u00a0</p>\r\n<p style=\"text-align: justify; \"><span><strong>Art. 85.</strong> \u00a0\u00c9 vedado o aparte:</span></p>\r\n<p style=\"text-align: justify; padding-left: 60px; \">I \u2013 ao Presidente;</p>\r\n<p style=\"text-align: justify; padding-left: 60px; \">II \u2013 paralelo ao discurso do orador;</p>\r\n<p style=\"text-align: justify; padding-left: 60px; \">III - no encaminhamento de vota\u00e7\u00e3o, quest\u00e3o de ordem e comunica\u00e7\u00e3o de l\u00edder;</p>\r\n<p style=\"text-align: justify; padding-left: 60px; \">IV - em sustenta\u00e7\u00e3o de recurso;</p>\r\n<p style=\"text-align: justify; padding-left: 60px; \">V -quando o orador antecipadamente declarar que n\u00e3o o conceder\u00e1.</p>\r\n<p style=\"text-align: justify; \">\u00a0</p>\r\n<p style=\"text-align: center; \">SE\u00c7\u00c3O\u00a0 VI</p>\r\n<p style=\"text-align: center; \"><strong>Da Suspens\u00e3o da Sess\u00e3o</strong></p>\r\n<p style=\"text-align: justify; \">\u00a0</p>\r\n<p style=\"text-align: justify; \"><strong>Art. 86.</strong>\u00a0 A sess\u00e3o poder\u00e1 ser suspensa ou levantada, conforme o caso, para:</p>\r\n<p style=\"text-align: justify; padding-left: 60px; \">I - manter a ordem;</p>\r\n<p style=\"text-align: justify; padding-left: 60px; \">II - recepcionar visitante ilustre;</p>\r\n<p style=\"text-align: justify; padding-left: 60px; \">III - ouvir Comiss\u00e3o;</p>\r\n<p style=\"text-align: justify; padding-left: 60px; \">IV - prestar excepcional homenagem de pesar.</p>\r\n<p style=\"text-align: justify; padding-left: 30px; \"><span><strong>\u00a7 1\u00ba</strong> O requerimento de suspens\u00e3o da sess\u00e3o ou de destina\u00e7\u00e3o de parte dela, na forma prevista neste Regimento, ser\u00e1 imediatamente votado, sem discuss\u00e3o, ap\u00f3s o encaminhamento pelo autor e pelos l\u00edderes de bancadas.</span></p>\r\n<p style=\"text-align: justify; padding-left: 30px; \"><span><strong>\u00a7 2\u00ba</strong> N\u00e3o ser\u00e1 admitida suspens\u00e3o de sess\u00e3o quando estiver sendo votada qualquer mat\u00e9ria em plen\u00e1rio, a n\u00e3o ser para manter a ordem.</span></p>\r\n<p style=\"text-align: justify; \">\u00a0</p>\r\n<p style=\"text-align: center; \">SE\u00c7\u00c3O\u00a0 VII</p>\r\n<p style=\"text-align: center; \"><strong>Da Prorroga\u00e7\u00e3o da Sess\u00e3o</strong></p>\r\n<p style=\"text-align: justify; \"><span><br /></span></p>\r\n<p style=\"text-align: justify; \"><span><strong>Art. 87.</strong> \u00a0A sess\u00e3o poder\u00e1 ser prorrogada, por prazo n\u00e3o superior a duas (02) horas, para discuss\u00e3o e vota\u00e7\u00e3o de mat\u00e9ria constante da ordem do dia, desde que requerida verbalmente por Vereador ou proposta pelo Presidente e aprovada pela maioria dos presentes, independentemente de discuss\u00e3o e encaminhamento.</span></p>\r\n<p style=\"text-align: justify; padding-left: 30px; \"><span><strong>Par\u00e1grafo \u00fanico.</strong> \u00a0A prorroga\u00e7\u00e3o para explica\u00e7\u00e3o pessoal ser\u00e1 pelo prazo regimental que restar ao orador.</span></p>\r\n<p style=\"text-align: justify; \">\u00a0</p>\r\n<p style=\"text-align: center; \">CAP\u00cdTULO\u00a0 IV</p>\r\n<p style=\"text-align: center; \"><strong>Da Sess\u00e3o Extraordin\u00e1ria</strong></p>\r\n<p style=\"text-align: justify; \">\u00a0</p>\r\n<p style=\"text-align: justify; \"><strong>Art. 88.</strong>\u00a0 A sess\u00e3o extraordin\u00e1ria ser\u00e1 convocada de of\u00edcio pelo Presidente, ou a requerimento de Vereadores, aprovado pelo plen\u00e1rio, e se destina \u00e0 aprecia\u00e7\u00e3o de mat\u00e9ria relevante ou acumulada, devidamente especificada no ato de convoca\u00e7\u00e3o.</p>\r\n<p style=\"text-align: justify; \">\u00a0</p>\r\n<p style=\"text-align: justify; \"><strong>Art. 89.</strong> \u00a0A sess\u00e3o extraordin\u00e1ria somente ser\u00e1 aberta com a presen\u00e7a da maioria absoluta dos vereadores, ter\u00e1 a dura\u00e7\u00e3o m\u00e1xima da sess\u00e3o ordin\u00e1ria e todo o tempo que se seguir \u00e0 leitura da ata e do expediente sobre a Mesa ser\u00e1 dedicado exclusivamente \u00e0 discuss\u00e3o e vota\u00e7\u00e3o da mat\u00e9ria que motivou a convoca\u00e7\u00e3o.</p>\r\n<p style=\"text-align: justify; padding-left: 30px; \"><span><strong>\u00a7 1\u00ba</strong> Somente ser\u00e3o aceitas pela Mesa proposi\u00e7\u00f5es diretamente relacionadas com a mat\u00e9ria constante da convoca\u00e7\u00e3o.</span></p>\r\n<p style=\"text-align: justify; padding-left: 30px; \"><span><strong>\u00a7 2\u00ba</strong> A sess\u00e3o extraordin\u00e1ria poder\u00e1 ser seguida de outra da mesma natureza.</span></p>\r\n<p style=\"text-align: justify; \">\u00a0</p>\r\n<p style=\"text-align: justify; \"><strong>Art. 90.</strong> O Presidente convocar\u00e1 sess\u00e3o extraordin\u00e1ria toda vez que for evidente que a simples prorroga\u00e7\u00e3o da sess\u00e3o n\u00e3o alcan\u00e7ar\u00e1 os objetivos visados.</p>\r\n<p style=\"text-align: justify; padding-left: 30px; \"><span><strong>\u00a7 1\u00ba</strong> Nos casos de sess\u00e3o extraordin\u00e1ria determinada de of\u00edcio pelo Presidente e n\u00e3o anunciada em sess\u00e3o plen\u00e1ria, os Vereadores ser\u00e3o convocados por escrito, mediante recibo, com anteced\u00eancia m\u00ednima de quarenta e oito (48) horas.</span></p>\r\n<p style=\"text-align: justify; padding-left: 30px; \"><span><strong>\u00a7 2\u00ba</strong> Nos casos de extrema urg\u00eancia, para discuss\u00e3o de mat\u00e9ria cujo adiamento torne in\u00fatil a delibera\u00e7\u00e3o ou importe em grave preju\u00edzo \u00e0 coletividade, o Presidente, a seu crit\u00e9rio, poder\u00e1 convocar sess\u00e3o extraordin\u00e1ria da C\u00e2mara com at\u00e9 vinte e quatro (24) horas de anteced\u00eancia, observados os requisitos do par\u00e1grafo anterior.</span></p>\r\n<p style=\"text-align: justify; padding-left: 30px; \"><span><strong>\u00a7 3\u00ba</strong> Sempre que poss\u00edvel, dever\u00e1 ser feita publicidade em jornais ou r\u00e1dio, de convoca\u00e7\u00e3o de sess\u00e3o extraordin\u00e1ria feita na forma dos \u00a7\u00a7 1\u00ba e 2\u00ba deste artigo.</span></p>\r\n<p style=\"text-align: justify; \">\u00a0</p>\r\n<p style=\"text-align: justify; \"><strong>Art. 91.</strong> O Presidente tamb\u00e9m poder\u00e1 convocar sess\u00e3o extraordin\u00e1ria, atendendo solicita\u00e7\u00e3o expressa do Prefeito, em que este indique a mat\u00e9ria a ser examinada e os motivos que justifiquem a medida.</p>\r\n<p style=\"text-align: justify; \">\u00a0</p>\r\n<p style=\"text-align: center; \">CAP\u00cdTULO V</p>\r\n<p style=\"text-align: center; \"><strong>Da Sess\u00e3o Secreta</strong></p>\r\n<p style=\"text-align: justify; \">\u00a0</p>\r\n<p style=\"text-align: justify; \"><strong>Art. 92.</strong> A C\u00e2mara poder\u00e1 realizar sess\u00e3o ordin\u00e1ria ou extraordin\u00e1ria em car\u00e1ter secreto, ou transformar a p\u00fablica em secreta, a requerimento de l\u00edder ou por iniciativa do Presidente.</p>\r\n<p style=\"text-align: justify; padding-left: 30px; \"><span><strong>\u00a7 1\u00ba</strong> A sess\u00e3o secreta dever\u00e1 ser requerida reservadamente ao Presidente, quando n\u00e3o for obrigat\u00f3ria, declinando-se, por\u00e9m, os motivos que a justificam.</span></p>\r\n<p style=\"text-align: justify; padding-left: 30px; \"><span><strong>\u00a7 2\u00ba</strong> Deferido o pedido, o Presidente far\u00e1 sair do recinto das sess\u00f5es todos os que n\u00e3o forem Vereadores em exerc\u00edcio.</span></p>\r\n<p style=\"text-align: justify; padding-left: 30px; \"><span><strong>\u00a7 3\u00ba</strong> A ata da sess\u00e3o secreta ser\u00e1 aprovada pelo plen\u00e1rio antes de levantada a sess\u00e3o, assinada pela Mesa, fechada em inv\u00f3lucro lacrado e rubricado pelo Presidente, pelos 1\u00ba e 2\u00ba Secret\u00e1rios e pelos l\u00edderes, com a data da sess\u00e3o e men\u00e7\u00e3o do assunto tratado, e recolhido ao arquivo da C\u00e2mara.</span></p>\r\n<p style=\"text-align: justify; padding-left: 30px; \"><span><strong>\u00a7 4\u00ba</strong> Ao Vereador que houver participado dos debates ser\u00e1 permitido reduzir imediatamente seu discurso a termo, para ser arquivado com a ata e os documentos referentes \u00e0 sess\u00e3o secreta.</span></p>\r\n<p style=\"text-align: justify; padding-left: 30px; \"><strong>\u00a7 5\u00ba</strong> Antes de encerrar-se a sess\u00e3o secreta, o plen\u00e1rio decidir\u00e1 se os debates devem ou n\u00e3o permanecer secretos.</p>\r\n<p style=\"text-align: justify; \">\u00a0</p>\r\n<p style=\"text-align: justify; \"><strong>Art. 93.</strong> Indeferido pelo Presidente o pedido de sess\u00e3o secreta, ser\u00e1 permitido renov\u00e1-lo perante o plen\u00e1rio, que decidir\u00e1, ent\u00e3o, definitivamente.</p>\r\n<p style=\"text-align: justify; \">\u00a0</p>\r\n<p style=\"text-align: center; \">CAP\u00cdTULO VI</p>\r\n<p style=\"text-align: center; \"><strong>Da Sess\u00e3o Solene</strong></p>\r\n<p style=\"text-align: justify; \">\u00a0</p>\r\n<p style=\"text-align: justify; \"><strong>Art. 94.</strong> \u00a0A sess\u00e3o solene destina-se a comemora\u00e7\u00e3o ou homenagem e nela s\u00f3 poder\u00e3o fazer uso da palavra os Vereadores previamente indicados pelo Presidente de comum acordo com as lideran\u00e7as, o Prefeito quando presente e os homenageados.</p>\r\n<p style=\"text-align: justify; padding-left: 30px; \"><span><strong>\u00a7 1\u00ba</strong> A sess\u00e3o solene n\u00e3o ser\u00e1 remunerada e poder\u00e1 ser realizada fora do recinto da C\u00e2mara.</span></p>\r\n<p style=\"text-align: justify; padding-left: 30px; \"><span><strong>\u00a7 2\u00ba</strong> Na sess\u00e3o solene ser\u00e1 dispensada a leitura da ata, a verifica\u00e7\u00e3o de presen\u00e7a, n\u00e3o haver\u00e1 expediente e nem tempo prefixado de dura\u00e7\u00e3o.</span></p>\r\n<p style=\"text-align: justify; \">\u00a0</p>\r\n<p style=\"text-align: center; \">CAP\u00cdTULO VII</p>\r\n<p style=\"text-align: center; \"><strong>Da Sess\u00e3o Especial</strong></p>\r\n<p style=\"text-align: justify; \">\u00a0</p>\r\n<p style=\"text-align: justify; \"><strong>Art. 95.</strong>\u00a0 A sess\u00e3o especial destina-se:</p>\r\n<p style=\"text-align: justify; padding-left: 60px; \">I - ao recebimento de relat\u00f3rio do prefeito;</p>\r\n<p style=\"text-align: justify; padding-left: 60px; \">II - a ouvir Secret\u00e1rio Municipal e Diretor de autarquia ou de \u00f3rg\u00e3o equivalente;</p>\r\n<p style=\"text-align: justify; padding-left: 60px; \">III - a palestra relacionada com o interesse p\u00fablico;</p>\r\n<p style=\"text-align: justify; padding-left: 60px; \">IV - a outros fins n\u00e3o previstos neste Regimento.</p>\r\n<p style=\"text-align: justify; padding-left: 30px; \"><span><strong>Par\u00e1grafo \u00fanico.</strong> \u00a0Somente poder\u00e3o ser remuneradas as sess\u00f5es especiais realizadas para os fins previstos nos itens I e II deste artigo.</span></p>\r\n<p style=\"text-align: justify; \">\u00a0</p>\r\n<p style=\"text-align: center; \">CAP\u00cdTULO VIII</p>\r\n<p style=\"text-align: center; \"><strong>Da Ata da Sess\u00e3o</strong></p>\r\n<p style=\"text-align: justify; \">\u00a0</p>\r\n<p style=\"text-align: justify; \"><strong>Art. 96.</strong>\u00a0 A ata \u00e9 o resumo fiel da sess\u00e3o e ser\u00e1 redigida sob a orienta\u00e7\u00e3o do 1\u00ba Secret\u00e1rio, que a assinar\u00e1 juntamente com o Presidente da C\u00e2mara depois de aprovada pelo plen\u00e1rio.</p>\r\n<p style=\"text-align: justify; padding-left: 30px; \"><span><strong>\u00a7 1\u00ba</strong> A ata da sess\u00e3o secreta ser\u00e1 redigida pelo Vereador 1\u00ba Secret\u00e1rio.</span></p>\r\n<p style=\"text-align: justify; padding-left: 30px; \"><span><strong>\u00a7 2\u00ba</strong> As proposi\u00e7\u00f5es e documentos apresentados em sess\u00e3o ser\u00e3o indicados em ata sucintamente, salvo requerimento de transcri\u00e7\u00e3o integral, aprovado pelo plen\u00e1rio.</span></p>\r\n<p style=\"text-align: justify; padding-left: 30px; \"><span><strong>\u00a7 3\u00ba</strong> A transcri\u00e7\u00e3o de declara\u00e7\u00e3o de voto, feita por escrito e em termos concisos e regimentais, deve ser requerida ao Presidente, que n\u00e3o a negar\u00e1.</span></p>\r\n<p style=\"text-align: justify; padding-left: 30px; \"><span><strong>\u00a7 4\u00ba</strong> Cada Vereador poder\u00e1 impugnar ou pedir retifica\u00e7\u00e3o de ata, por requerimento escrito que ser\u00e1 submetido ao plen\u00e1rio sem discuss\u00e3o ou encaminhamento de vota\u00e7\u00e3o, sendo votado na sess\u00e3o ordin\u00e1ria seguinte.</span></p>\r\n<p style=\"text-align: justify; padding-left: 30px; \"><span><strong>\u00a7 5\u00ba</strong> Aprovada a impugna\u00e7\u00e3o, ser\u00e1 lavrada nova ata; aceita a retifica\u00e7\u00e3o, a ata ser\u00e1 alterada.</span></p>\r\n<p style=\"text-align: justify; \">\u00a0</p>\r\n<p style=\"text-align: justify; \"><strong>Art. 97.</strong> Ao encerrar-se a reuni\u00e3o legislativa, a ata da \u00faltima sess\u00e3o ser\u00e1 aprovada antes do encerramento desta e assinada pelos Vereadores presentes.</p>\r\n<p style=\"text-align: justify; \">\u00a0</p>\r\n<p style=\"text-align: center; \">T\u00cdTULO IV</p>\r\n<p style=\"text-align: center; \"><strong>Do Processo Legislativo</strong></p>\r\n<p style=\"text-align: justify; \">\u00a0</p>\r\n<p style=\"text-align: center; \">CAP\u00cdTULO I</p>\r\n<p style=\"text-align: center; \"><strong>Da Ordem do Dia</strong></p>\r\n<p style=\"text-align: justify; \">\u00a0</p>\r\n<p style=\"text-align: justify; \"><strong>Art. 98.</strong> \u00a0Ordem do dia \u00e9 a fase da sess\u00e3o destinada \u00e0 discuss\u00e3o e vota\u00e7\u00e3o de proposi\u00e7\u00e3o.</p>\r\n<p style=\"text-align: justify; \">\u00a0</p>\r\n<p style=\"text-align: justify; \"><span><strong>Art. 99.\u00a0</strong> A ordem do dia ser\u00e1 organizada observando-se a seguinte prioridade:</span></p>\r\n<p style=\"text-align: justify; padding-left: 60px; \">I - vota\u00e7\u00e3o das proposi\u00e7\u00f5es apresentadas na sess\u00e3o e que n\u00e3o dependem de parecer nem de discuss\u00e3o;</p>\r\n<p style=\"text-align: justify; padding-left: 60px; \">II - requerimento de comiss\u00f5es;</p>\r\n<p style=\"text-align: justify; padding-left: 60px; \">III - requerimento de Vereadores;</p>\r\n<p style=\"text-align: justify; padding-left: 60px; \">IV - reda\u00e7\u00e3o final;</p>\r\n<p style=\"text-align: justify; padding-left: 60px; \">V \u2013 veto;</p>\r\n<p style=\"text-align: justify; padding-left: 60px; \">VI \u2013 proposi\u00e7\u00e3o de rito especial;</p>\r\n<p style=\"text-align: justify; padding-left: 60px; \">VII - mat\u00e9ria em regime de urg\u00eancia;</p>\r\n<p style=\"text-align: justify; padding-left: 60px; \">VIII - projeto de lei do Executivo;</p>\r\n<p style=\"text-align: justify; padding-left: 60px; \">IX - projeto de lei do Legislativo;</p>\r\n<p style=\"text-align: justify; padding-left: 60px; \">X \u2013 projeto de decreto Legislativo;</p>\r\n<p style=\"text-align: justify; padding-left: 60px; \">XI - projeto de resolu\u00e7\u00e3o;</p>\r\n<p style=\"text-align: justify; padding-left: 60px; \">XII \u2013 indica\u00e7\u00e3o;</p>\r\n<p style=\"text-align: justify; padding-left: 60px; \">XIII \u2013 mo\u00e7\u00e3o;</p>\r\n<p style=\"text-align: justify; padding-left: 60px; \">XIV - outras mat\u00e9rias.</p>\r\n<p style=\"text-align: justify; padding-left: 30px; \"><span><strong>Par\u00e1grafo \u00fanico.</strong> \u00a0A prioridade estabelecida neste artigo s\u00f3 poder\u00e1 ser alterada para:</span></p>\r\n<p style=\"text-align: justify; padding-left: 60px; \"><strong>a)\u00a0</strong>\u00a0 dar posse a Vereador;</p>\r\n<p style=\"text-align: justify; padding-left: 60px; \"><strong>b)</strong>\u00a0\u00a0 votar pedido de licen\u00e7a de Vereador;</p>\r\n<p style=\"text-align: justify; padding-left: 60px; \"><strong>c)\u00a0</strong>\u00a0 em caso de prefer\u00eancia aprovado pelo plen\u00e1rio. \u00a0</p>\r\n<p style=\"text-align: justify; \">\u00a0</p>\r\n<p style=\"text-align: justify; \"><strong>Art. 100.</strong>\u00a0 A ordem do dia ser\u00e1 distribu\u00edda aos Vereadores ao in\u00edcio da sess\u00e3o, atrav\u00e9s de avulsos que conter\u00e3o a rela\u00e7\u00e3o das proposi\u00e7\u00f5es, pareceres e demais elementos que a Mesa considerar indispens\u00e1veis ao esclarecimento do plen\u00e1rio.</p>\r\n<p style=\"text-align: justify; padding-left: 30px; \"><span><strong>Par\u00e1grafo \u00fanico.</strong> \u00a0As proposi\u00e7\u00f5es apresentadas durante a sess\u00e3o e que devam ser votadas no in\u00edcio da ordem do dia, ser\u00e3o anunciadas pelo Presidente no momento da vota\u00e7\u00e3o.</span></p>\r\n<p style=\"text-align: justify; \">\u00a0</p>\r\n<p style=\"text-align: justify; \"><strong>Art. 101.</strong> \u00a0A requerimento de Vereador, qualquer proposi\u00e7\u00e3o entendida urgente e inadi\u00e1vel poder\u00e1 ser inclu\u00edda na ordem do dia, observadas as normas deste Regimento previstas para a urg\u00eancia.</p>\r\n<p style=\"text-align: justify; \">\u00a0</p>\r\n<p style=\"text-align: justify; \"><strong>Art. 102.</strong> \u00a0A requerimento de Vereador ou de of\u00edcio, o Presidente determinar\u00e1 a retirada da ordem do dia de mat\u00e9ria que tenha tramitado com inobserv\u00e2ncia da prescri\u00e7\u00e3o regimental.</p>\r\n<p style=\"text-align: justify; \">\u00a0</p>\r\n<p style=\"text-align: justify; \"><strong>Art. 103.</strong> \u00a0A requerimento escrito de Vereador, aprovado pelo plen\u00e1rio, poder\u00e1 ser dada prefer\u00eancia \u00e0 discuss\u00e3o de mat\u00e9ria constante da ordem do dia.</p>\r\n<p style=\"text-align: justify; \">\u00a0</p>\r\n<p style=\"text-align: center; \">CAP\u00cdTULO II</p>\r\n<p style=\"text-align: center; \"><strong>Da Discuss\u00e3o</strong></p>\r\n<p style=\"text-align: justify; \">\u00a0</p>\r\n<p style=\"text-align: justify; \"><strong>Art. 104.</strong> A discuss\u00e3o geral, respeitados os casos previstos neste Regimento, ser\u00e1 \u00fanica, e \u00e9 a fase dos trabalhos destinados aos debates em plen\u00e1rio e \u00e0 apresenta\u00e7\u00e3o de emendas.</p>\r\n<p style=\"text-align: justify; padding-left: 30px; \"><span><strong>Par\u00e1grafo \u00fanico.</strong> \u00a0Havendo mais de uma proposi\u00e7\u00e3o diferente sobre o mesmo assunto, a discuss\u00e3o obedecer\u00e1 \u00e0 ordem cronol\u00f3gica de apresenta\u00e7\u00e3o.</span></p>\r\n<p style=\"text-align: justify; \">\u00a0</p>\r\n<p style=\"text-align: justify; \"><strong>Art. 105.</strong> \u00a0A proposi\u00e7\u00e3o ser\u00e1 discutida globalmente, salvo requerimento aprovado pelo plen\u00e1rio, pedindo destaque para a discuss\u00e3o de parte da proposi\u00e7\u00e3o.</p>\r\n<p style=\"text-align: justify; \">\u00a0</p>\r\n<p style=\"text-align: justify; \"><strong>Art. 106.</strong> \u00a0Ap\u00f3s a leitura do parecer, cada Vereador inscrito poder\u00e1 discutir a mat\u00e9ria.</p>\r\n<p style=\"text-align: justify; padding-left: 30px; \"><span><strong>\u00a7 1\u00ba</strong> O encerramento da discuss\u00e3o dar-se-\u00e1 pela aus\u00eancia de oradores, pelo decurso dos prazos regimentais ou por requerimento aprovado pelo plen\u00e1rio.</span></p>\r\n<p style=\"text-align: justify; padding-left: 30px; \"><span><strong>\u00a7 2\u00ba</strong> Somente ser\u00e1 permitido requerer o encerramento de discuss\u00e3o ap\u00f3s terem falado dois Vereadores favor\u00e1veis e dois contra, entre os quais o autor, salvo desist\u00eancia expressa.</span></p>\r\n<p style=\"text-align: justify; padding-left: 30px; \"><span><strong>\u00a7 3\u00ba</strong> O pedido de encerramento n\u00e3o \u00e9 sujeito \u00e0 discuss\u00e3o, devendo ser votado pelo plen\u00e1rio.</span></p>\r\n<p style=\"text-align: justify; \">\u00a0</p>\r\n<p style=\"text-align: justify; \"><strong>Art. 107.</strong> \u00a0Apresentada emenda \u00e0 proposi\u00e7\u00e3o em discuss\u00e3o, ser\u00e1 a mat\u00e9ria retirada da ordem do dia e reencaminhada \u00e0 comiss\u00e3o, para exame.</p>\r\n<p style=\"text-align: justify; padding-left: 30px; \"><b>\u00a7 1\u00ba </b><span>Estando a mat\u00e9ria sob regime de urg\u00eancia, aprovado pelo plen\u00e1rio, a sess\u00e3o ser\u00e1 suspensa pelo prazo necess\u00e1rio \u00e0 comiss\u00e3o emitir parecer sobre a emenda.</span></p>\r\n<p style=\"text-align: justify; padding-left: 30px; \">\u00a0<b>\u00a7 2\u00ba </b><span>Retornando a proposi\u00e7\u00e3o ao plen\u00e1rio, na mesma sess\u00e3o, n\u00e3o ser\u00e3o mais permitidas emendas.</span></p>\r\n<p style=\"text-align: justify; padding-left: 30px; \">\u00a0<b>\u00a7 3\u00ba </b><span>A comiss\u00e3o poder\u00e1 apresentar emendas, subemendas ou substitutivos, quando a mat\u00e9ria estiver sob seu exame, em qualquer fase da tramita\u00e7\u00e3o.</span></p>\r\n<p style=\"text-align: justify; \">\u00a0</p>\r\n<p style=\"text-align: justify; \"><b>Art. 108. </b>O adiantamento da discuss\u00e3o de qualquer mat\u00e9ria poder\u00e1 ser requerida pelo Vereador e depende de decis\u00e3o do plen\u00e1rio.</p>\r\n<p style=\"text-align: justify; padding-left: 30px; \"><b>\u00a7 1\u00ba </b><span>O adiantamento ser\u00e1 concedido para estudo da mat\u00e9ria, a qual ser\u00e1 encaminhada, para vistas, ao Vereador autor do pedido de adiantamento.</span></p>\r\n<p style=\"text-align: justify; padding-left: 30px; \"><b>\u00a7 2\u00ba</b><span> O adiantamento n\u00e3o poder\u00e1 ser por prazo que ultrapasse a data da sess\u00e3o ordin\u00e1ria, e ser\u00e1 comum a todos os Vereadores interessados.</span></p>\r\n<p style=\"text-align: justify; \">\u00a0</p>\r\n<p style=\"text-align: justify; \">\u00a0</p>\r\n<p class=\" \" style=\"text-align: center; \">CAP\u00cdTULO III</p>\r\n<p align=\"center\" class=\" \" style=\"text-align: center; \"><b>Da Vota\u00e7\u00e3o</b></p>\r\n<p style=\"text-align: justify; \">\u00a0</p>\r\n<p style=\"text-align: justify; \"><b>Art. 109.\u00a0 </b><span>A vota\u00e7\u00e3o ser\u00e1 realizada ap\u00f3s a discuss\u00e3o geral e, se n\u00e3o houver n\u00famero, na sess\u00e3o seguinte.</span></p>\r\n<p style=\"text-align: justify; padding-left: 30px; \"><b>\u00a7 1\u00ba </b><span>Ap\u00f3s a vota\u00e7\u00e3o simb\u00f3lica ou nominal, o Vereador poder\u00e1 fazer declara\u00e7\u00e3o de voto.</span></p>\r\n<p style=\"text-align: justify; padding-left: 30px; \"><b>\u00a7 2\u00ba </b><span>A vota\u00e7\u00e3o ser\u00e1 cont\u00ednua e s\u00f3 em casos excepcionais, a crit\u00e9rio do Presidente, poder\u00e1 ser interrompida.</span></p>\r\n<p style=\"text-align: justify; \">\u00a0</p>\r\n<p style=\"text-align: justify; \"><b>Art. 110.</b> A vota\u00e7\u00e3o ser\u00e1:</p>\r\n<p style=\"text-align: justify; padding-left: 60px; \">I - simb\u00f3lica, sempre que a mat\u00e9ria n\u00e3o estiver submetida a forma especial de vota\u00e7\u00e3o;</p>\r\n<p style=\"text-align: justify; padding-left: 60px; \">II - secreta, nos casos previstos neste Regimento ou a requerimento de l\u00edder, aprovado pelo plen\u00e1rio e na aprecia\u00e7\u00e3o de voto cujo quorum \u00e9 maioria absoluta.</p>\r\n<p style=\"text-align: justify; \">\u00a0</p>\r\n<p style=\"text-align: justify; \"><b>Art. 111. </b>Na vota\u00e7\u00e3o simb\u00f3lica, os Vereadores que estiverem a favor da proposi\u00e7\u00e3o permanecer\u00e3o sentados.</p>\r\n<p style=\"text-align: justify; padding-left: 30px; \"><b>\u00a7 1\u00ba </b><span>Qualquer Vereador poder\u00e1 pedir verifica\u00e7\u00e3o de vota\u00e7\u00e3o.</span></p>\r\n<p style=\"text-align: justify; padding-left: 30px; \"><b>\u00a7 2\u00ba </b><span>\u00c9 nula a vota\u00e7\u00e3o realizada sem exist\u00eancia de \"quorum\", devendo a mat\u00e9ria ser transferida para a sess\u00e3o seguinte.</span></p>\r\n<p style=\"text-align: justify; \">\u00a0</p>\r\n<p style=\"text-align: justify; \"><b>Art. 112. </b>Na vota\u00e7\u00e3o nominal, ser\u00e1 feita a chamada dos Vereadores, que responder\u00e3o \"sim\" para aprovar a proposi\u00e7\u00e3o e \"n\u00e3o\" para rejeit\u00e1-la.</p>\r\n<p style=\"text-align: justify; padding-left: 30px; \"><b>Par\u00e1grafo \u00fanico. </b><span>Os Vereadores que chegarem ao recinto durante a vota\u00e7\u00e3o, ap\u00f3s terem sido chamados, aguardar\u00e3o a manifesta\u00e7\u00e3o de todos os presentes para, ent\u00e3o, votarem.</span></p>\r\n<p style=\"text-align: justify; \">\u00a0</p>\r\n<p style=\"text-align: justify; \"><b>Art. 113. </b>A vota\u00e7\u00e3o secreta ser\u00e1 feita por meio de c\u00e9dulas colocadas em sobrecartas pelo Presidente e recolhidas \u00e0 urna \u00e0 vista do plen\u00e1rio.</p>\r\n<p style=\"text-align: justify; \">\u00a0</p>\r\n<p style=\"text-align: justify; \"><b>Art. 114. </b><span>Far-se-\u00e1 vota\u00e7\u00e3o secreta nos casos de elei\u00e7\u00e3o da Mesa, da Comiss\u00e3o Representativa e de comiss\u00e3o permanente, e em outros casos, a requerimento aprovado pelo plen\u00e1rio, desde que n\u00e3o haja disposi\u00e7\u00e3o legal expressa em contr\u00e1rio.</span></p>\r\n<p style=\"text-align: justify; \">\u00a0</p>\r\n<p style=\"text-align: justify; \"><b>Art. 115.\u00a0 </b>A vota\u00e7\u00e3o far-se-\u00e1 na seguinte ordem:</p>\r\n<p style=\"text-align: justify; padding-left: 60px; \">I - substitutivo de comiss\u00e3o, com ressalva das emendas;</p>\r\n<p style=\"text-align: justify; padding-left: 60px; \">II - substitutivo de Vereador, com ressalvas das emendas;</p>\r\n<p style=\"text-align: justify; padding-left: 60px; \">III - proposi\u00e7\u00e3o principal, em globo, com ressalva das emendas;</p>\r\n<p style=\"text-align: justify; padding-left: 60px; \">IV - destaques;</p>\r\n<p style=\"text-align: justify; padding-left: 60px; \">V - emendas sem parecer, uma a uma ;</p>\r\n<p style=\"text-align: justify; padding-left: 60px; \">VI - emendas em grupo:</p>\r\n<p style=\"text-align: justify; padding-left: 90px; \">a)\u00a0\u00a0 Com parecer favor\u00e1vel;</p>\r\n<p style=\"text-align: justify; padding-left: 90px; \">b)\u00a0\u00a0 Com parecer contr\u00e1rio.</p>\r\n<p style=\"text-align: justify; padding-left: 30px; \">\u00a0<b>\u00a7 1\u00ba </b><span>Os pedidos de destaque e vota\u00e7\u00e3o parcelada s\u00f3 poder\u00e3o ser feitos antes de iniciada a vota\u00e7\u00e3o e ser\u00e3o deferidos de plano pelo Presidente.</span></p>\r\n<p style=\"text-align: justify; padding-left: 30px; \">\u00a0<b>\u00a7 2\u00ba </b><span>Tamb\u00e9m ser\u00e1 deferida de plano pelo Presidente a vota\u00e7\u00e3o por:</span></p>\r\n<p style=\"text-align: justify; padding-left: 60px; \"><b>a)\u00a0\u00a0 </b>t\u00edtulo;</p>\r\n<p style=\"text-align: justify; padding-left: 60px; \"><b>b)\u00a0\u00a0 </b>cap\u00edtulo;</p>\r\n<p style=\"text-align: justify; padding-left: 60px; \"><b>c)\u00a0\u00a0 </b>se\u00e7\u00e3o;</p>\r\n<p style=\"text-align: justify; padding-left: 60px; \"><b>d)\u00a0\u00a0 </b>artigo;</p>\r\n<p style=\"text-align: justify; padding-left: 60px; \"><b>e)\u00a0\u00a0 </b>par\u00e1grafo;</p>\r\n<p style=\"text-align: justify; padding-left: 60px; \"><b>f)\u00a0\u00a0\u00a0\u00a0 </b>item;</p>\r\n<p style=\"text-align: justify; padding-left: 60px; \"><b>g)\u00a0\u00a0 </b>letra;</p>\r\n<p style=\"text-align: justify; padding-left: 60px; \"><b>h)\u00a0\u00a0 </b>parte;</p>\r\n<p style=\"text-align: justify; padding-left: 60px; \"><b>i)\u00a0\u00a0\u00a0\u00a0 </b>n\u00famero.</p>\r\n<p style=\"text-align: justify; \">\u00a0</p>\r\n<p class=\" \" style=\"text-align: center; \">SE\u00c7\u00c3O I</p>\r\n<p align=\"center\" style=\"text-align: center; \"><b>Do Encaminhamento da Vota\u00e7\u00e3o</b></p>\r\n<p style=\"text-align: justify; \"><b>\u00a0</b></p>\r\n<p style=\"text-align: justify; \"><b>Art. 116. </b>Posta a mat\u00e9ria em vota\u00e7\u00e3o, o l\u00edder, o Vereador por ele indicado, poder\u00e1 encaminh\u00e1-la pelo prazo de cinco (05) minutos improrrog\u00e1veis, sem aparte.</p>\r\n<p style=\"text-align: justify; padding-left: 30px; \"><b>\u00a7 1\u00ba </b><span>Na vota\u00e7\u00e3o parcelada, o encaminhamento ser\u00e1 feito por parte e, no caso de destaque, faltar\u00e1 ainda o Vereador que o solicitou.</span></p>\r\n<p style=\"text-align: justify; padding-left: 30px; \"><b>\u00a7 2\u00ba </b><span>N\u00e3o coube o encaminhamento de vota\u00e7\u00e3o de reda\u00e7\u00e3o final.</span></p>\r\n<p style=\"text-align: justify; \">\u00a0</p>\r\n<p class=\" \" style=\"text-align: center; \">SE\u00c7\u00c3O II</p>\r\n<p align=\"center\" style=\"text-align: center; \"><b>Do Adiamento da Vota\u00e7\u00e3o</b></p>\r\n<p style=\"text-align: justify; \"><b>\u00a0</b></p>\r\n<p style=\"text-align: justify; \"><b>Art. 117.\u00a0 </b>A vota\u00e7\u00e3o poder\u00e1 ser adiada uma vez, at\u00e9 a sess\u00e3o ordin\u00e1ria seguinte, a requerimento de l\u00edder.</p>\r\n<p style=\"text-align: justify; padding-left: 30px; \"><b>Par\u00e1grafo \u00fanico. </b><span>N\u00e3o cabe adiamento de vota\u00e7\u00e3o de:</span></p>\r\n<p style=\"text-align: justify; padding-left: 60px; \"><b>a)\u00a0\u00a0 </b>veto;</p>\r\n<p style=\"text-align: justify; padding-left: 60px; \"><b>b)\u00a0\u00a0 </b>proposi\u00e7\u00e3o em regime de urg\u00eancia;</p>\r\n<p style=\"text-align: justify; padding-left: 60px; \"><b>c) </b>reda\u00e7\u00e3o final, salvo quando verificado erro formal ou substancial;</p>\r\n<p style=\"text-align: justify; padding-left: 60px; \"><b>d) </b>requerimentos que, nos termos deste Regimento Interno, devam ser despachados de plano pelo Presidente ou submetidos ao plen\u00e1rio na mesma sess\u00e3o de apresenta\u00e7\u00e3o;</p>\r\n<p style=\"text-align: justify; padding-left: 60px; \"><b>e)\u00a0\u00a0 </b>mat\u00e9ria em prazo fatal para delibera\u00e7\u00e3o.</p>\r\n<p style=\"text-align: justify; \">\u00a0</p>\r\n<p style=\"text-align: center; \"><span>CAP\u00cdTULO IV</span></p>\r\n<p align=\"center\" style=\"text-align: center; \"><b>Da Urg\u00eancia</b></p>\r\n<p style=\"text-align: justify; \"><b>\u00a0</b></p>\r\n<p style=\"text-align: justify; \"><b>Art. 118. </b>Urg\u00eancia \u00e9 a abrevia\u00e7\u00e3o do processo legislativo.</p>\r\n<p style=\"text-align: justify; padding-left: 30px; \"><b>Par\u00e1grafo \u00fanico. </b><span>A urg\u00eancia n\u00e3o dispensa o \"quorum\" espec\u00edfico e o parecer de comiss\u00e3o.</span></p>\r\n<p style=\"text-align: justify; \">\u00a0</p>\r\n<p style=\"text-align: justify; \"><b>Art. 119.\u00a0 </b>O pedido de urg\u00eancia ser\u00e1 solicitado por qualquer Vereador e submetido ao plen\u00e1rio.</p>\r\n<p style=\"text-align: justify; padding-left: 30px; \"><b>Par\u00e1grafo \u00fanico. </b><span>Se a urg\u00eancia for aprovada, a mat\u00e9ria entrar\u00e1 em discuss\u00e3o e vota\u00e7\u00e3o na sess\u00e3o seguinte.</span></p>\r\n<p style=\"text-align: justify; \">\u00a0</p>\r\n<p style=\"text-align: justify; \"><b>Art. 120.</b> Se o Prefeito solicitar que projeto de sua iniciativa seja apreciado com urg\u00eancia no prazo fixado na Lei Org\u00e2nica.</p>\r\n<p style=\"text-align: justify; padding-left: 30px; \"><b>\u00a7 1\u00ba </b><span>Se ao final do prazo referido neste artigo o projeto n\u00e3o for apreciado, ser\u00e1 inclu\u00eddo na ordem do dia, sobrestando-se a delibera\u00e7\u00e3o de qualquer outra mat\u00e9ria at\u00e9 que se ultime a vota\u00e7\u00e3o.</span></p>\r\n<p style=\"text-align: justify; padding-left: 30px; \"><b>\u00a7 2\u00ba </b><span>Os prazos do \u00a7 1\u00ba n\u00e3o correm no per\u00edodo de recesso da C\u00e2mara, nem se aplica aos projetos de c\u00f3digo.</span></p>\r\n<p style=\"text-align: justify; \">\u00a0</p>\r\n<p style=\"text-align: justify; \"><b>Art. 121. </b>\u00a0A requerimento subscrito pela maioria absoluta dos Vereadores, qualquer proposi\u00e7\u00e3o, exceto projetos de emenda \u00e0 Lei Org\u00e2nica, de codifica\u00e7\u00e3o, de Or\u00e7amento do Munic\u00edpio, de cria\u00e7\u00e3o de cargos na C\u00e2mara Municipal, bem como delibera\u00e7\u00e3o sobre as contas do Prefeito, poder\u00e1 ser inclu\u00edda de imediato na ordem do dia, com ou sem parecer.</p>\r\n<p style=\"text-align: justify; padding-left: 30px; \"><b>Par\u00e1grafo \u00fanico.</b><span> No caso deste artigo, o Presidente suspender\u00e1 a sess\u00e3o pelo tempo necess\u00e1rio a que a comiss\u00e3o, em reuni\u00e3o extraordin\u00e1ria, examine a mat\u00e9ria e emita parecer, que poder\u00e1 ser verbal.</span></p>\r\n<p style=\"text-align: justify; \">\u00a0</p>\r\n<p style=\"text-align: justify; \"><b>Art. 122. </b>Aprovada a urg\u00eancia ou inclus\u00e3o imediata na ordem do dia, na forma dos dispositivos anteriores, s\u00f3 por requerimento subscrito por dois ter\u00e7os (2/3) dos Vereadores pode a delibera\u00e7\u00e3o ser revogada.</p>\r\n<p style=\"text-align: justify; padding-left: 30px; \"><b>Par\u00e1grafo \u00fanico. </b><span>Tratando-se de urg\u00eancia solicitada pelo Prefeito, nos termos da Lei Org\u00e2nica, ou quando o adiantamento possa prejudicar o prazo fatal a que a mat\u00e9ria esteja sujeita, n\u00e3o pode ser revogada a decis\u00e3o.</span></p>\r\n<p style=\"text-align: justify; \">\u00a0</p>\r\n<p class=\" \" style=\"text-align: center; \">CAP\u00cdTULO V</p>\r\n<p align=\"center\" style=\"text-align: center; \"><b>Dos Atos Prejudicados</b></p>\r\n<p align=\"center\" style=\"text-align: justify; \"><b>\u00a0</b></p>\r\n<p style=\"text-align: justify; \"><b>Art. 123.\u00a0 </b>Consideram-se prejudicados e ser\u00e3o arquivados por determina\u00e7\u00e3o do Presidente.</p>\r\n<p style=\"text-align: justify; padding-left: 60px; \">I - proposi\u00e7\u00e3o id\u00eantica \u00e0 outra em tramita\u00e7\u00e3o ou que tenha sido declarada inconstitucional pelo plen\u00e1rio;</p>\r\n<p style=\"text-align: justify; padding-left: 60px; \">II - a proposi\u00e7\u00e3o principal e as emendas, quando houver substitutivo aprovado;</p>\r\n<p style=\"text-align: justify; padding-left: 60px; \">III - a emenda de conte\u00fado igual ou contr\u00e1rio ao de outra j\u00e1 aprovada;</p>\r\n<p style=\"text-align: justify; padding-left: 60px; \">IV - a emenda de conte\u00fado igual ao de outra rejeitada.</p>\r\n<p style=\"text-align: justify; padding-left: 30px; \"><b>Par\u00e1grafo \u00fanico.</b><span> Os atos prejudicados ser\u00e3o declarados de of\u00edcio pelo Presidente ou a requerimento de Vereador.</span></p>\r\n<p style=\"text-align: justify; \">\u00a0</p>\r\n<p class=\" \" style=\"text-align: center; \">CAP\u00cdTULO VI</p>\r\n<p align=\"center\" style=\"text-align: center; \"><b>Da Reda\u00e7\u00e3o Final</b></p>\r\n<p style=\"text-align: justify; \"><b>\u00a0</b></p>\r\n<p style=\"text-align: justify; \"><b>Art. 124.\u00a0 </b>Terminada a vota\u00e7\u00e3o, o projeto e as emendas ser\u00e3o encaminhadas \u00e0 comiss\u00e3o, para elabora\u00e7\u00e3o da reda\u00e7\u00e3o final, e, ap\u00f3s, \u00e0 Mesa, para remessa ao executivo, no caso de projetos de lei.</p>\r\n<p style=\"text-align: justify; padding-left: 30px; \"><b>\u00a7 1\u00ba </b><span>A reda\u00e7\u00e3o final dos projetos de codifica\u00e7\u00e3o e de emendas \u00e0 Lei Org\u00e2nica e Regimento Interno, ser\u00e1 elaborada pela comiss\u00e3o especial que apreciou a mat\u00e9ria.</span></p>\r\n<p style=\"text-align: justify; padding-left: 30px; \"><b>\u00a7 2\u00ba </b>Verificada na reda\u00e7\u00e3o final inexatid\u00e3o material, p]lapso ou erro manifesto no texto, a Mesa determinar\u00e1 as corre\u00e7\u00f5es necess\u00e1rias, comunicado-as imediatamente ao plen\u00e1rio.</p>\r\n<p style=\"text-align: justify; padding-left: 30px; \"><b>\u00a7 3\u00ba </b><span>Verificada inexatid\u00e3o, lapso ou erro do texto, ap\u00f3s a remessa ao Executivo, o fato ser\u00e1 comunicado imediatamente pelo Presidente ao Prefeito, atrav\u00e9s de of\u00edcio, com o pedido de devolu\u00e7\u00e3o do expediente para a necess\u00e1ria corre\u00e7\u00e3o.</span></p>\r\n<p style=\"text-align: justify; \">\u00a0</p>\r\n<p style=\"text-align: justify; \"><b>Art. 125. </b>Os documentos ser\u00e3o elaborados em tantas vias quantas necess\u00e1rias e sua remessa ao Prefeito ser\u00e1 feita por of\u00edcio do Presidente, dentro de tr\u00eas (03) dias \u00fateis ap\u00f3s a aprova\u00e7\u00e3o da reda\u00e7\u00e3o final, de forma a fixar claramente a data de entrega para contagem dos prazos para san\u00e7\u00e3o, ou veto.</p>\r\n<p style=\"text-align: justify; padding-left: 30px; \"><b>Par\u00e1grafo \u00fanico. </b><span>O in\u00edcio da contagem dos prazos dar-se-\u00e1 no dia imediato ao da entrega ao Executivo, mediante recibo assinado, n\u00e3o se computando s\u00e1bado como dia \u00fatil.</span></p>\r\n<p style=\"text-align: justify; \">\u00a0</p>\r\n<p style=\"text-align: justify; \"><b>Art. 126.\u00a0 </b>Os prazos e as normas que devem ser observadas para a san\u00e7\u00e3o, promulga\u00e7\u00e3o ou veto dos projetos s\u00e3o os que constam da Lei Org\u00e2nica.</p>\r\n<p style=\"text-align: justify; padding-left: 30px; \"><b>\u00a7 1\u00ba</b><span> A aprecia\u00e7\u00e3o do veto ser\u00e1 anunciada com uma sess\u00e3o de anteced\u00eancia, com a reprodu\u00e7\u00e3o do veto e seus fundamentos e, em havendo, do parecer das Comiss\u00f5es.</span></p>\r\n<p style=\"text-align: justify; padding-left: 30px; \"><b>\u00a7 2\u00ba</b><span> Se em at\u00e9 dez dias antes do t\u00e9rmino do prazo para aprecia\u00e7\u00e3o do veto este n\u00e3o tiver sido inclu\u00eddo na Ordem do Dia, qualquer Vereador poder\u00e1 requerer sua inclus\u00e3o na sess\u00e3o seguinte, o que ser\u00e1 obrigatoriamente deferido pelo Presidente.</span></p>\r\n<p style=\"text-align: justify; padding-left: 30px; \"><b>\u00a7 3\u00ba</b><span> As raz\u00f5es do veto ser\u00e3o discutidas englobadamente, mas a vota\u00e7\u00e3o do projeto ser\u00e1 feita por parte vetada, mediante requerimento aprovado pelo Plen\u00e1rio.</span></p>\r\n<p style=\"text-align: justify; \"><b>\u00a0</b></p>\r\n<p class=\" \" style=\"text-align: center; \">T\u00cdTULO V</p>\r\n<p align=\"center\" class=\" \" style=\"text-align: center; \"><b>Da Interpreta\u00e7\u00e3o e Observ\u00e2ncia do Regimento Interno</b></p>\r\n<p align=\"center\" class=\" \" style=\"text-align: center; \"><b>\u00a0</b></p>\r\n<p class=\" \" style=\"text-align: center; \">CAP\u00cdTULO I</p>\r\n<p align=\"center\" class=\" \" style=\"text-align: center; \"><b>Da quest\u00e3o de ordem</b></p>\r\n<p style=\"text-align: justify; \"><b>\u00a0</b></p>\r\n<p style=\"text-align: justify; \"><b>Art. 127.\u00a0 </b>Quest\u00e3o de ordem \u00e9 a interposi\u00e7\u00e3o verbal a presid\u00eancia quanto \u00e0 interpreta\u00e7\u00e3o ou aplica\u00e7\u00e3o deste Regimento.</p>\r\n<p style=\"text-align: justify; padding-left: 30px; \"><b>\u00a7 1\u00ba </b><span>A quest\u00e3o de ordem s\u00e9 ser\u00e1 aceita pelo Presidente se formulada com clareza, brevidade e indica\u00e7\u00e3o do dispositivo regimental em que se baseia.</span></p>\r\n<p style=\"text-align: justify; padding-left: 30px; \"><b>\u00a7 2\u00ba </b><span>Cabe ao Presidente dirimir as d\u00favidas suscitadas em quest\u00e3o de ordem e a sua decis\u00e3o n\u00e3o admite cr\u00edticas nem contesta\u00e7\u00e3o, mas t\u00e3o somente recurso ao plen\u00e1rio na sess\u00e3o seguinte, ouvida a comiss\u00e3o permanente.</span></p>\r\n<p style=\"text-align: justify; \">\u00a0</p>\r\n<p style=\"text-align: justify; \"><b>Art. 128. </b>S\u00f3 pode ser formulada quest\u00e3o de ordem pertinente \u00e0 mat\u00e9ria em aprecia\u00e7\u00e3o.</p>\r\n<p style=\"text-align: justify; \">\u00a0</p>\r\n<p style=\"text-align: justify; \"><b>Art. 129. </b>As quest\u00f5es de ordem resolvidas ser\u00e3o colecionadas e arquivadas em pasta pr\u00f3pria e servir\u00e3o como elementos subsidi\u00e1rios para as decis\u00f5es sobre a interpreta\u00e7\u00e3o e observ\u00e2ncia deste Regimento nos casos futuros, a fim de que seja mantida a equidade.</p>\r\n<p style=\"text-align: justify; \">\u00a0</p>\r\n<p class=\" \" style=\"text-align: center; \">T\u00cdTULO VI</p>\r\n<p align=\"center\" class=\" \" style=\"text-align: center; \"><b>Das Proposi\u00e7\u00f5es em Geral</b></p>\r\n<p align=\"center\" class=\" \" style=\"text-align: center; \"><b>\u00a0</b></p>\r\n<p class=\" \" style=\"text-align: center; \">CAP\u00cdTULO I</p>\r\n<p align=\"center\" class=\" \" style=\"text-align: center; \"><b>Disposi\u00e7\u00f5es Preliminares</b></p>\r\n<p align=\"center\" style=\"text-align: justify; \"><b>\u00a0</b></p>\r\n<p style=\"text-align: justify; \"><b>Art. 130. </b>Proposi\u00e7\u00e3o \u00e9 toda mat\u00e9ria sujeita \u00e0 delibera\u00e7\u00e3o do plen\u00e1rio devendo ser regida com clareza e em termos sint\u00e9ticos, podendo consistir em:</p>\r\n<p style=\"text-align: justify; padding-left: 60px; \">I - projeto de Emenda \u00e0 Lei Org\u00e2nica;</p>\r\n<p style=\"text-align: justify; padding-left: 60px; \">II - projeto de Lei;</p>\r\n<p style=\"text-align: justify; padding-left: 60px; \">III - projeto de Decreto Legislativo;</p>\r\n<p style=\"text-align: justify; padding-left: 60px; \">IV - projeto de Resolu\u00e7\u00e3o;</p>\r\n<p style=\"text-align: justify; padding-left: 60px; \">V - indica\u00e7\u00e3o;</p>\r\n<p style=\"text-align: justify; padding-left: 60px; \">VI - mo\u00e7\u00e3o;</p>\r\n<p style=\"text-align: justify; padding-left: 60px; \">VII - requerimento;</p>\r\n<p style=\"text-align: justify; padding-left: 60px; \">VIII - pedido de informa\u00e7\u00f5es;</p>\r\n<p style=\"text-align: justify; padding-left: 60px; \">IX - emenda, subemenda e substitutivo;</p>\r\n<p style=\"text-align: justify; padding-left: 60px; \">X - recurso.</p>\r\n<p style=\"text-align: justify; \">\u00a0</p>\r\n<p style=\"text-align: justify; \"><b>Art. 131.</b> A presid\u00eancia deixar\u00e1 de aceitar qualquer proposi\u00e7\u00e3o que:</p>\r\n<p style=\"text-align: justify; padding-left: 60px; \">I - versar assunto alheio \u00e0 compet\u00eancia da c\u00e2mara;</p>\r\n<p style=\"text-align: justify; padding-left: 60px; \">II - delegar a outro Poder atribui\u00e7\u00f5es privativas do Legislativo;</p>\r\n<p style=\"text-align: justify; padding-left: 60px; \">III - fa\u00e7a refer\u00eancia \u00e0 lei, decreto, regulamento ou qualquer outro dispositivo legal, sem se fazer acompanhar de sua transcri\u00e7\u00e3o;</p>\r\n<p style=\"text-align: justify; padding-left: 60px; \">IV - fa\u00e7a men\u00e7\u00e3o \u00e0 cl\u00e1usula de contrato ou de concess\u00e3o sem a sua transcri\u00e7\u00e3o por extenso;</p>\r\n<p style=\"text-align: justify; padding-left: 60px; \">V - seja redigida de modo que n\u00e3o se saiba \u00e0 simples leitura qual a provid\u00eancia objetivada;</p>\r\n<p style=\"text-align: justify; padding-left: 60px; \">VI - seja anti-regimental;</p>\r\n<p style=\"text-align: justify; padding-left: 60px; \">VII - seja apresentada por Vereador ausente \u00e0 sess\u00e3o exceto requerimento de licen\u00e7a deste.</p>\r\n<p style=\"text-align: justify; padding-left: 30px; \"><b>Par\u00e1grafo \u00fanico. </b><span>Da decis\u00e3o da presid\u00eancia caber\u00e1 recurso ao plen\u00e1rio por parte do autor, ouvida a comiss\u00e3o permanente.</span></p>\r\n<p style=\"text-align: justify; \">\u00a0</p>\r\n<p style=\"text-align: justify; \"><b>Art. 132.\u00a0 </b>\u00c9 considerado autor da proposi\u00e7\u00e3o o primeiro signat\u00e1rio, sendo de simples apoio as assinaturas que se lhe seguirem.</p>\r\n<p style=\"text-align: justify; padding-left: 30px; \"><b>\u00a7 1\u00ba </b><span>A proposi\u00e7\u00e3o ser\u00e1 organizada em forma de processo pela Secretaria.</span></p>\r\n<p style=\"text-align: justify; padding-left: 30px; \"><b>\u00a7 2\u00ba </b><span>Quando, por extravio ou reten\u00e7\u00e3o indevida, n\u00e3o for poss\u00edvel o andamento de qualquer proposi\u00e7\u00e3o, o Presidente, a requerimento de Vereador ou de of\u00edcio, far\u00e1 reconstituir e tramitar o processo.</span></p>\r\n<p style=\"text-align: justify; \">\u00a0</p>\r\n<p style=\"text-align: justify; \"><b>Art. 133. </b>O autor poder\u00e1 requerer a retirada da proposi\u00e7\u00e3o:</p>\r\n<p style=\"text-align: justify; padding-left: 60px; \">I - ao Presidente, antes de haver recebido parecer da comiss\u00e3o, ou este for contr\u00e1rio;</p>\r\n<p style=\"text-align: justify; padding-left: 60px; \">II - ao Plen\u00e1rio, se houver parecer favor\u00e1vel.</p>\r\n<p style=\"text-align: justify; padding-left: 30px; \"><b>Par\u00e1grafo \u00fanico. </b><span>O Prefeito poder\u00e1 retirar proposi\u00e7\u00e3o de sua iniciativa em qualquer fase da elabora\u00e7\u00e3o legislativa, exceto se j\u00e1 inclu\u00edda na ordem do dia.</span></p>\r\n<p style=\"text-align: justify; \">\u00a0</p>\r\n<p style=\"text-align: justify; \"><b>Art. 134. </b>Ao t\u00e9rmino de cada legislatura, a Mesa ordenar\u00e1 o arquivamento de todas as proposi\u00e7\u00f5es apresentadas e que n\u00e3o tenham sido submetidas \u00e0 delibera\u00e7\u00e3o do plen\u00e1rio.</p>\r\n<p style=\"text-align: justify; padding-left: 30px; \"><b>\u00a7 1\u00ba </b><span>O disposto neste artigo n\u00e3o se aplica aos projetos de lei oriundos do Executivo, que dever\u00e1 ser consultado a respeito.</span></p>\r\n<p style=\"text-align: justify; padding-left: 30px; \"><b>\u00a7 2\u00ba </b><span>Cabe a qualquer comiss\u00e3o ou a qualquer Vereador, mediante requerimento dirigido ao Presidente, solicitar o desarquivamento de projeto e o rein\u00edcio da tramita\u00e7\u00e3o regimental.</span></p>\r\n<p style=\"text-align: justify; \">\u00a0</p>\r\n<p style=\"text-align: justify; \"><b>Art. 135.\u00a0 </b>A mat\u00e9ria constante de projeto de iniciativa da C\u00e2mara, rejeitado ou n\u00e3o sancionado, s\u00f3 poder\u00e1 constituir objeto de novo projeto, na mesma sess\u00e3o legislativa, mediante proposta da maioria absoluta dos Vereadores.</p>\r\n<p style=\"text-align: justify; \">\u00a0</p>\r\n<p class=\" \" style=\"text-align: center; \">CAP\u00cdTULO II</p>\r\n<p align=\"center\" class=\" \" style=\"text-align: center; \"><b>Das Proposi\u00e7\u00f5es Ordin\u00e1rias</b></p>\r\n<p style=\"text-align: justify; \">\u00a0</p>\r\n<p style=\"text-align: justify; \"><b>Art. 136. </b>Os projetos de lei, de decreto legislativo e de resolu\u00e7\u00e3o e de resolu\u00e7\u00e3o dever\u00e3o ser:</p>\r\n<p style=\"text-align: justify; padding-left: 60px; \">I - precedidos de t\u00edtulo enunciativo de seu objeto (ementa);</p>\r\n<p style=\"text-align: justify; padding-left: 60px; \">II - escritos em dispositivos numerados, concisos, claros e concebidos nos mesmos termos em que tenham de ficar como lei, decreto legislativo ou resolu\u00e7\u00e3o;</p>\r\n<p style=\"text-align: justify; padding-left: 60px; \">III - assinados pelo autor;</p>\r\n<p style=\"text-align: justify; padding-left: 60px; \">IV - acompanhados de exposi\u00e7\u00e3o de motivos.</p>\r\n<p style=\"text-align: justify; padding-left: 30px; \"><b>Par\u00e1grafo \u00fanico. </b><span>Nenhum dispositivo do projeto poder\u00e1 conter mat\u00e9ria estranha ao objeto da proposi\u00e7\u00e3o.</span></p>\r\n<p style=\"text-align: justify; \">\u00a0</p>\r\n<p style=\"text-align: justify; \"><b>Art. 137.\u00a0 </b>Os projetos elaborados por comiss\u00e3o permanente ou por comiss\u00e3o especial, em assuntos de sua compet\u00eancia, ser\u00e3o inclu\u00eddos na ordem do dia da sess\u00e3o seguinte \u00e0 de sua apresenta\u00e7\u00e3o, independentemente de parecer, para discuss\u00e3o e vota\u00e7\u00e3o de plen\u00e1rio.</p>\r\n<p style=\"text-align: justify; \">\u00a0</p>\r\n<p class=\" \" style=\"text-align: center; \">SE\u00c7\u00c3O I</p>\r\n<p align=\"center\" class=\" \" style=\"text-align: center; \"><b>Do Projeto de Lei</b></p>\r\n<p style=\"text-align: justify; \"><b>\u00a0</b></p>\r\n<p style=\"text-align: justify; \"><b>Art. 138. </b>Projeto de lei \u00e9 a proposi\u00e7\u00e3o, sujeita \u00e0 san\u00e7\u00e3o do Prefeito, que disciplina mat\u00e9ria da compet\u00eancia do Munic\u00edpio.</p>\r\n<p style=\"text-align: justify; \">\u00a0</p>\r\n<p style=\"text-align: justify; \"><b>Art. 139.\u00a0 </b>A iniciativa dos projetos de lei cabe a qualquer Vereador da C\u00e2mara e ao Prefeito, ressalvados os casos de iniciativa, constantes da legisla\u00e7\u00e3o pertinente.</p>\r\n<p style=\"text-align: justify; \">\u00a0</p>\r\n<p style=\"text-align: justify; \"><b>Art. 140.\u00a0 </b>O projeto de lei que receber, quanto ao m\u00e9rito, parecer contr\u00e1rio de todas as comiss\u00f5es, ser\u00e1 tido como rejeitado.</p>\r\n<p style=\"text-align: justify; padding-left: 30px; \"><b>Par\u00e1grafo \u00fanico. </b><span>O projeto ser\u00e1 submetido ao m\u00ednimo se um ter\u00e7o dos Vereadores o requerer.</span></p>\r\n<p style=\"text-align: justify; \">\u00a0</p>\r\n<p class=\" \" style=\"text-align: center; \">SE\u00c7\u00c3O II</p>\r\n<p align=\"center\" class=\" \" style=\"text-align: center; \"><b>Do Projeto de Decreto Legislativo</b></p>\r\n<p style=\"text-align: justify; \"><b>\u00a0</b></p>\r\n<p style=\"text-align: justify; \"><b>Art. 141.\u00a0 </b>Projeto de decreto legislativo \u00e9 a proposi\u00e7\u00e3o que disciplina mat\u00e9ria de exclusiva compet\u00eancia da C\u00e2mara.</p>\r\n<p style=\"text-align: justify; padding-left: 30px; \"><b>Par\u00e1grafo \u00fanico. </b><span>S\u00e3o objeto de projeto de decreto legislativo, entre outros:</span></p>\r\n<p style=\"text-align: justify; padding-left: 60px; \"><b>a)\u00a0\u00a0 </b>decis\u00e3o sobre as contas anuais do Prefeito;</p>\r\n<p style=\"text-align: justify; padding-left: 60px; \"><b>b)\u00a0\u00a0\u00a0 </b>autoriza\u00e7\u00e3o para o Prefeito ausentar-se do Munic\u00edpio ou licenciar-se;</p>\r\n<p style=\"text-align: justify; padding-left: 60px; \"><b>c)\u00a0\u00a0 </b>cassa\u00e7\u00e3o de mandato.</p>\r\n<p style=\"text-align: justify; \">\u00a0 \u00a0 \u00a0 \u00a0 \u00a0 \u00a0 \u00a0 \u00a0 \u00a0 \u00a0 \u00a0 \u00a0 \u00a0 \u00a0 \u00a0 \u00a0 \u00a0 \u00a0 \u00a0 \u00a0 \u00a0 \u00a0 \u00a0 \u00a0 \u00a0 \u00a0 \u00a0 \u00a0 \u00a0 \u00a0 \u00a0 \u00a0 \u00a0 \u00a0 \u00a0 \u00a0 \u00a0 \u00a0 \u00a0 \u00a0 \u00a0 \u00a0\u00a0</p>\r\n<p class=\" \" style=\"text-align: center; \">SE\u00c7\u00c3O III</p>\r\n<p align=\"center\" class=\" \" style=\"text-align: center; \"><b>Do Projeto de Resolu\u00e7\u00e3o</b></p>\r\n<p align=\"center\" style=\"text-align: justify; \"><b>\u00a0</b></p>\r\n<p style=\"text-align: justify; \"><b>Art. 142. </b>Projeto de Resolu\u00e7\u00e3o \u00e9 a proposi\u00e7\u00e3o referente a assunto de economia interna da C\u00e2mara.</p>\r\n<p style=\"text-align: justify; padding-left: 30px; \"><b>Par\u00e1grafo \u00fanico. </b><span>S\u00e3o objeto de projeto de resolu\u00e7\u00e3o, entre outros:</span></p>\r\n<p style=\"text-align: justify; padding-left: 60px; \"><b>a)\u00a0\u00a0 </b>Regimento Interno e suas altera\u00e7\u00f5es;</p>\r\n<p style=\"text-align: justify; padding-left: 60px; \"><b>b)\u00a0\u00a0 </b>organiza\u00e7\u00e3o e cria\u00e7\u00e3o de cargos dos servi\u00e7os administrativos da C\u00e2mara Municipal;</p>\r\n<p style=\"text-align: justify; padding-left: 60px; \"><b>c)\u00a0\u00a0 </b>destitui\u00e7\u00e3o de membro da Mesa;</p>\r\n<p style=\"text-align: justify; padding-left: 60px; \"><b>d)\u00a0\u00a0 </b>conclus\u00f5es de comiss\u00e3o de inqu\u00e9rito, quando for o caso;</p>\r\n<p style=\"text-align: justify; padding-left: 60px; \"><b>e)\u00a0\u00a0 </b>decis\u00e3o sobre as contas do Presidente.</p>\r\n<p style=\"text-align: justify; \">\u00a0</p>\r\n<p style=\"text-align: justify; \"><b>Art. 143. </b>Os projetos de resolu\u00e7\u00e3o de iniciativa privativa da Mesa independem de parecer, sendo inclu\u00eddos na ordem do dia da sess\u00e3o seguinte \u00e0 de sua apresenta\u00e7\u00e3o, salvo os de cria\u00e7\u00e3o de cargos, o que dever\u00e1 ter sido previsto na LDO.</p>\r\n<p style=\"text-align: justify; \">\u00a0</p>\r\n<p class=\" \" style=\"text-align: center; \">SE\u00c7\u00c3O IV</p>\r\n<p align=\"center\" class=\" \" style=\"text-align: center; \"><b>Das Indica\u00e7\u00f5es</b></p>\r\n<p align=\"center\" style=\"text-align: justify; \"><b>\u00a0</b></p>\r\n<p style=\"text-align: justify; \"><b>Art. 144.\u00a0 </b>Indica\u00e7\u00e3o \u00e9 a proposi\u00e7\u00e3o em que o Vereador sugere medidas de interesse p\u00fablico aos poderes competentes.</p>\r\n<p style=\"text-align: justify; padding-left: 30px; \"><b>Par\u00e1grafo \u00fanico. </b><span>N\u00e3o \u00e9 permitido dar a forma de indica\u00e7\u00e3o a assuntos reservados por este Regimento para se constitu\u00edrem objeto de outro tipo de proposi\u00e7\u00e3o.</span></p>\r\n<p style=\"text-align: justify; \">\u00a0</p>\r\n<p style=\"text-align: justify; \"><b>Art. 145. </b><span>As indica\u00e7\u00f5es ser\u00e3o lidas no expediente e encaminhadas a quem de direito, independentemente de delibera\u00e7\u00e3o do plen\u00e1rio.</span></p>\r\n<p style=\"text-align: justify; padding-left: 30px; \"><b>Par\u00e1grafo \u00fanico. </b><span>No caso de entender o Presidente que a indica\u00e7\u00e3o n\u00e3o deva ser encaminhada de plano, dar\u00e1 conhecimento da decis\u00e3o ao autor e enviar\u00e1 a proposi\u00e7\u00e3o ao exame de comiss\u00e3o permanente, incluindo a mat\u00e9ria para discuss\u00e3o e vota\u00e7\u00e3o na sess\u00e3o seguinte.</span></p>\r\n<p style=\"text-align: justify; \">\u00a0</p>\r\n<p class=\" \" style=\"text-align: center; \">SE\u00c7\u00c3O V</p>\r\n<p align=\"center\" class=\" \" style=\"text-align: center; \"><b>Das Mo\u00e7\u00f5es</b></p>\r\n<p style=\"text-align: justify; \"><b>\u00a0</b></p>\r\n<p style=\"text-align: justify; \"><b>Art. 146. </b>Mo\u00e7\u00e3o \u00e9 a proposi\u00e7\u00e3o em que \u00e9 sugerida a manifesta\u00e7\u00e3o da C\u00e2mara sobre assunto determinado, aplaudido, hipotecando solidariedade ou apoio, apelando, protestando ou repudiando.</p>\r\n<p style=\"text-align: justify; padding-left: 30px; \"><b>\u00a7 1\u00ba. </b><span>Subscrita, no m\u00ednimo, por um ter\u00e7o (1/3) dos Vereadores, a mo\u00e7\u00e3o, depois de lida, ser\u00e1 despachada \u00e0 ordem do dia da sess\u00e3o seguinte, independentemente de parecer de comiss\u00e3o.</span></p>\r\n<p style=\"text-align: justify; padding-left: 30px; \"><b>\u00a7 2\u00ba </b><span>Quando requerida por Vereador a mo\u00e7\u00e3o ser\u00e1 previamente encaminhada a comiss\u00e3o permanente e, ap\u00f3s, submetida ao plen\u00e1rio.</span></p>\r\n<h2 style=\"text-align: justify; \">\u00a0</h2>\r\n<p class=\" \" style=\"text-align: center; \">SE\u00c7\u00c3O VI</p>\r\n<p align=\"center\" class=\" \" style=\"text-align: center; \"><b>Dos Requerimentos</b></p>\r\n<p style=\"text-align: justify; \"><b>\u00a0</b></p>\r\n<p style=\"text-align: justify; \"><b>Art. 147. </b>Requerimento \u00e9 todo pedido verbal ou escrito feito ao Presidente da C\u00e2mara, sobre assunto determinado, por Vereador ou comiss\u00e3o.</p>\r\n<p style=\"text-align: justify; padding-left: 30px; \"><b>\u00a7 1\u00ba. </b><span>Salvo disposi\u00e7\u00e3o expressa neste Regimento, os requerimentos verbais ser\u00e3o decididos imediatamente pelo Presidente e os escritos, que dependem de delibera\u00e7\u00e3o do plen\u00e1rio, ser\u00e3o votados na mesma sess\u00e3o de apresenta\u00e7\u00e3o, n\u00e3o cabendo adiantamento.</span></p>\r\n<p style=\"text-align: justify; padding-left: 30px; \"><b>\u00a7 2\u00ba. </b><span>O requerimento que dependa de delibera\u00e7\u00e3o do plen\u00e1rio n\u00e3o sofrer\u00e1 discuss\u00e3o e sua vota\u00e7\u00e3o poder\u00e1 ser encaminhada pelo autor e um representante de cada bancada.</span></p>\r\n<p style=\"text-align: justify; \">\u00a0</p>\r\n<p style=\"text-align: justify; \"><b>Art. 148.\u00a0 </b>Ser\u00e3o verbais os requerimentos que solicitem:</p>\r\n<p style=\"text-align: justify; padding-left: 60px; \">I - a palavra ou a desist\u00eancia dela;</p>\r\n<p style=\"text-align: justify; padding-left: 60px; \">II - permiss\u00e3o para falar sentado;</p>\r\n<p style=\"text-align: justify; padding-left: 60px; \">III - posse de Vereador ou suplente;</p>\r\n<p style=\"text-align: justify; padding-left: 60px; \">IV - leitura de qualquer mat\u00e9ria para conhecimento do plen\u00e1rio;</p>\r\n<p style=\"text-align: justify; padding-left: 60px; \">V - observ\u00e2ncia de disposi\u00e7\u00e3o regimental;</p>\r\n<p style=\"text-align: justify; padding-left: 60px; \">VI - retirada, pelo autor, de proposi\u00e7\u00e3o sem parecer de comiss\u00e3o, ou com parecer contr\u00e1rio;</p>\r\n<p style=\"text-align: justify; padding-left: 60px; \">VII - verifica\u00e7\u00e3o de vota\u00e7\u00e3o ou de presen\u00e7a;</p>\r\n<p style=\"text-align: justify; padding-left: 60px; \">VIII - informa\u00e7\u00f5es sobre a pauta dos trabalhos;</p>\r\n<p style=\"text-align: justify; padding-left: 60px; \">IX - requisi\u00e7\u00e3o de documentos, processos, livros, ou publica\u00e7\u00f5es existentes na C\u00e2mara, a respeito de proposi\u00e7\u00e3o em discuss\u00e3o;</p>\r\n<p style=\"text-align: justify; padding-left: 60px; \">X - preenchimento de vaga em comiss\u00e3o;</p>\r\n<p style=\"text-align: justify; padding-left: 60px; \">XI - justificativa de voto.</p>\r\n<p style=\"text-align: justify; \">\u00a0</p>\r\n<p style=\"text-align: justify; \"><b>Art. 149. </b>Ser\u00e3o escritos os requerimentos que solicitem :</p>\r\n<p style=\"text-align: justify; padding-left: 60px; \">I - ren\u00fancia de membro da Mesa;</p>\r\n<p style=\"text-align: justify; padding-left: 60px; \">II - juntada ou desentranhamento de documentos;</p>\r\n<p style=\"text-align: justify; padding-left: 60px; \">III - informa\u00e7\u00f5es em car\u00e1ter oficial sobre atos da Mesa ou da C\u00e2mara;</p>\r\n<p style=\"text-align: justify; padding-left: 60px; \">IV - votos de pesar por falecimento;</p>\r\n<p style=\"text-align: justify; padding-left: 60px; \">V - prorroga\u00e7\u00e3o da sess\u00e3o;</p>\r\n<p style=\"text-align: justify; padding-left: 60px; \">VI - destaque de mat\u00e9ria para vota\u00e7\u00e3o;</p>\r\n<p style=\"text-align: justify; padding-left: 60px; \">VII - vota\u00e7\u00e3o por determinado processo;</p>\r\n<p style=\"text-align: justify; padding-left: 60px; \">VIII - encerramento de discuss\u00e3o;</p>\r\n<p style=\"text-align: justify; padding-left: 60px; \">IX - votos de louvor ou congratula\u00e7\u00f5es;</p>\r\n<p style=\"text-align: justify; padding-left: 60px; \">X - audi\u00eancia de comiss\u00e3o sobre assunto em pauta;</p>\r\n<p style=\"text-align: justify; padding-left: 60px; \">XI - inser\u00e7\u00e3o de documento em ata;</p>\r\n<p style=\"text-align: justify; padding-left: 60px; \">XII - prefer\u00eancia para discuss\u00e3o de mat\u00e9ria;</p>\r\n<p style=\"text-align: justify; padding-left: 60px; \">XIII - retirada, pelo autor, de proposi\u00e7\u00e3o j\u00e1 submetida \u00e0 discuss\u00e3o pelo plen\u00e1rio, ou com parecer favor\u00e1vel;</p>\r\n<p style=\"text-align: justify; padding-left: 60px; \">XIV - informa\u00e7\u00f5es solicitadas ao Prefeito ou interm\u00e9dio;</p>\r\n<p style=\"text-align: justify; padding-left: 60px; \">XV - convoca\u00e7\u00e3o de Secret\u00e1rios Municipais ou Diretores de \u00f3rg\u00e3os da Administra\u00e7\u00e3o;</p>\r\n<p style=\"text-align: justify; padding-left: 60px; \">XVI - constitui\u00e7\u00e3o de comiss\u00e3o especial ou de\u00a0 representa\u00e7\u00e3o externa;</p>\r\n<p style=\"text-align: justify; padding-left: 60px; \">XVII - adiantamento de discuss\u00e3o e vota\u00e7\u00e3o;</p>\r\n<p style=\"text-align: justify; padding-left: 60px; \">XVIII - licen\u00e7a de Vereador;</p>\r\n<p style=\"text-align: justify; padding-left: 60px; \">XIX - urg\u00eancia, adiantamento e retirada de urg\u00eancia;</p>\r\n<p style=\"text-align: justify; padding-left: 60px; \">XX - realiza\u00e7\u00e3o de sess\u00e3o solene, especial, extraordin\u00e1ria ou secreta;</p>\r\n<p style=\"text-align: justify; padding-left: 60px; \">XXI - destina\u00e7\u00e3o de parte de sess\u00e3o para comemora\u00e7\u00e3o ou homenagem;</p>\r\n<p style=\"text-align: justify; padding-left: 60px; \">XXII - mo\u00e7\u00f5es.</p>\r\n<p style=\"text-align: justify; padding-left: 30px; \"><b>Par\u00e1grafo \u00fanico. </b><span>Os requerimentos de que tratam os itens I, II, III, e IV deste artigo ser\u00e3o decididos pelo Presidente.</span></p>\r\n<p style=\"text-align: justify; \">\u00a0</p>\r\n<p style=\"text-align: justify; \"><b>Art. 150. </b>Durante a ordem do dia s\u00f3 ser\u00e1 admitido requerimento que diga respeito estritamente \u00e0 mat\u00e9ria nela inclu\u00edda.</p>\r\n<p style=\"text-align: justify; padding-left: 30px; \"><b>\u00a7 1\u00ba </b><span>Ser\u00e1 votada antes da proposi\u00e7\u00e3o o requerimento a ela pertinente.</span></p>\r\n<p style=\"text-align: justify; padding-left: 30px; \"><b>\u00a7 2\u00ba </b><span>O plen\u00e1rio poder\u00e1 deferir audi\u00eancia de comiss\u00e3o, ou o Presidente poder\u00e1 solicit\u00e1-lo, para requerimento que envolva proposi\u00e7\u00e3o da ordem do dia.</span></p>\r\n<p class=\" \" style=\"text-align: center; \">\u00a0</p>\r\n<p class=\" \" style=\"text-align: center; \">SE\u00c7\u00c3O VII</p>\r\n<p align=\"center\" class=\" \" style=\"text-align: center; \"><b>Dos Pedidos de Informa\u00e7\u00f5es</b></p>\r\n<p style=\"text-align: justify; \"><b>\u00a0</b></p>\r\n<p style=\"text-align: justify; \"><b>Art. 151. </b>Pedido de informa\u00e7\u00f5es \u00e9 a proposi\u00e7\u00e3o solicitando esclarecimentos ou dados relativos \u00e0 administra\u00e7\u00e3o municipal.</p>\r\n<p style=\"text-align: justify; padding-left: 30px; \"><b>\u00a7 1\u00ba </b><span>Somente ser\u00e3o admitidos pedido de informa\u00e7\u00f5es sobre fato relacionado com mat\u00e9ria legislativa em tr\u00e2mite ou sobre fato sujeito \u00e0 fiscaliza\u00e7\u00e3o da C\u00e2mara Municipal</span></p>\r\n<p style=\"text-align: justify; padding-left: 30px; \"><b>\u00a7 2\u00ba </b><span>Se a resposta n\u00e3o satisfazer ao autor, o pedido poder\u00e1 ser renovado.</span></p>\r\n<p style=\"text-align: justify; padding-left: 30px; \"><b>\u00a7 3\u00ba </b><span>Esgotado o prazo para resposta, o Presidente reiterar\u00e1 o pedido, acentuando essa circunst\u00e2ncia, dando conhecimento ao plen\u00e1rio e encaminhando a documenta\u00e7\u00e3o ao autor, para as provid\u00eancias cab\u00edveis.</span></p>\r\n<p style=\"text-align: justify; padding-left: 30px; \"><b>\u00a7 4\u00ba </b><span>Prestadas as informa\u00e7\u00f5es, elas ser\u00e3o fornecidas por c\u00f3pia ao solicitante e apregoado o seu recebimento no expediente.</span></p>\r\n<p style=\"text-align: justify; padding-left: 30px; \"><b>\u00a7 5\u00ba </b><span>Quando o entendimento das informa\u00e7\u00f5es solicitadas, considerando o tempo de servi\u00e7o necess\u00e1rio para o seu atendimento, devido a sua complexidade, ou o volume de c\u00f3pias necess\u00e1rias, poder\u00e1 o Executivo em aten\u00e7\u00e3o ao princ\u00edpio da economicidade do Requerente na reparti\u00e7\u00e3o, devendo neste caso, ser designado servidor do Executivo para aprestar assessoria ao Vereador.</span></p>\r\n<p style=\"text-align: justify; \">\u00a0</p>\r\n<p class=\" \" style=\"text-align: center; \">SE\u00c7\u00c3O VIII</p>\r\n<p align=\"center\" class=\" \" style=\"text-align: center; \"><b>Das Emendas, subemendas e substitutivos</b></p>\r\n<p style=\"text-align: justify; \"><b>\u00a0</b></p>\r\n<p style=\"text-align: justify; \"><b>Art. 152. </b>Emenda \u00e9 a proposi\u00e7\u00e3o acess\u00f3ria que visa a modificar a principal e pode ser apresentada por qualquer Vereador, nos termos deste Regimento.</p>\r\n<p style=\"text-align: justify; padding-left: 30px; \"><b>\u00a7 1\u00ba </b><span>A emenda global \u00e9 denominada substitutivo.</span></p>\r\n<p style=\"text-align: justify; padding-left: 30px; \"><b>\u00a7 2\u00ba </b><span>A modifica\u00e7\u00e3o proposta \u00e0 emenda \u00e9 denominada subemenda e obedecer\u00e1 \u00e0s normas aplicadas \u00e0s emendas.</span></p>\r\n<p style=\"text-align: justify; padding-left: 30px; \"><b>\u00a7 3\u00ba </b><span>N\u00e3o ser\u00e1 admitida emenda que n\u00e3o seja rigorosamente pertinente ao projeto.</span></p>\r\n<p style=\"text-align: justify; padding-left: 30px; \"><b>\u00a7 4\u00ba </b><span>Cabe recurso ao plen\u00e1rio da decis\u00e3o ao Presidente que indefira juntada de emenda.</span></p>\r\n<p style=\"text-align: justify; \">\u00a0</p>\r\n<p style=\"text-align: justify; \"><b>Art. 153. </b>A representa\u00e7\u00e3o de emenda far-se-\u00e1:</p>\r\n<p style=\"text-align: justify; padding-left: 60px; \">I - na comiss\u00e3o, quando a mat\u00e9ria estiver sob seu exame;</p>\r\n<p style=\"text-align: justify; padding-left: 60px; \">II - na ordem do dia, quando a mat\u00e9ria estiver em discuss\u00e3o.</p>\r\n<p align=\"center\" style=\"text-align: justify; \"><b>\u00a0</b></p>\r\n<p class=\" \" style=\"text-align: center; \">SE\u00c7\u00c3O IX</p>\r\n<p align=\"center\" class=\" \" style=\"text-align: center; \"><b>Dos Recursos</b></p>\r\n<p style=\"text-align: justify; \"><b>\u00a0</b></p>\r\n<p style=\"text-align: justify; \"><b>Art. 154. </b>Os recursos contra atos do Presidente da C\u00e2mara e de presidente de comiss\u00e3o ser\u00e3o interpostos dentro do prazo improrrog\u00e1vel de cinco (05) dias, contados da data da ocorr\u00eancia, atrav\u00e9s de requerimento.</p>\r\n<p style=\"text-align: justify; padding-left: 30px; \"><b>\u00a7 1\u00ba </b><span>O recurso contra ato do Presidente da C\u00e2mara ser\u00e1 encaminhado ao exame de comiss\u00e3o permanente e submetido \u00e0 decis\u00e3o do plen\u00e1rio na sess\u00e3o seguinte da C\u00e2mara.</span></p>\r\n<p style=\"text-align: justify; padding-left: 30px; \"><b>\u00a7 2\u00ba </b><span>O recurso contra ato de presidente de comiss\u00e3o ter\u00e1 a tramita\u00e7\u00e3o que consta do par\u00e1grafo anterior, sendo, por\u00e9m, a Mesa que emitira parecer.</span></p>\r\n<p style=\"text-align: justify; \">\u00a0</p>\r\n<p class=\" \" style=\"text-align: center; \">CAP\u00cdTULO III</p>\r\n<p align=\"center\" class=\" \" style=\"text-align: center; \"><b>Das Proposi\u00e7\u00f5es Especiais</b></p>\r\n<p align=\"center\" class=\" \" style=\"text-align: center; \"><b>\u00a0</b></p>\r\n<p class=\" \" style=\"text-align: center; \">SE\u00c7\u00c3O I</p>\r\n<p align=\"center\" class=\" \" style=\"text-align: center; \"><b>Do or\u00e7amento</b></p>\r\n<p style=\"text-align: justify; \">\u00a0</p>\r\n<p style=\"text-align: justify; \"><b>Art. 155. </b>Na aprecia\u00e7\u00e3o do projeto de lei or\u00e7ament\u00e1ria ser\u00e3o observadas as seguintes normas:</p>\r\n<p style=\"text-align: justify; padding-left: 30px; \">I - Ap\u00f3s comunica\u00e7\u00e3o ao plen\u00e1rio do recebimento, o projeto ser\u00e1 encaminhado ao exame de comiss\u00e3o permanente;</p>\r\n<p style=\"text-align: justify; padding-left: 30px; \">II - Somente na comiss\u00e3o e durante os oito (08) primeiros dias, poder\u00e3o ser oferecidas emendas;</p>\r\n<p style=\"text-align: justify; padding-left: 30px; \">III - A comiss\u00e3o tem o prazo de dez (10) dias para emitir parecer;</p>\r\n<p style=\"text-align: justify; padding-left: 30px; \">IV - O pronunciamento da comiss\u00e3o sobre as emendas ser\u00e1 final, salvo se um ter\u00e7o (1/3) dos membros da C\u00e2mara requerer ao Presidente a vota\u00e7\u00e3o em plen\u00e1rio, que se far\u00e1 sem discuss\u00e3o, de emenda aprovada ou rejeitada pela Comiss\u00e3o;</p>\r\n<p style=\"text-align: justify; padding-left: 30px; \">V - Impreterivelmente at\u00e9 o dia 20 de novembro o projeto ser\u00e1 inclu\u00eddo na ordem do dia;</p>\r\n<p style=\"text-align: justify; padding-left: 30px; \">VI - O projeto e as emendas destacadas, com os respectivos pareceres, ser\u00e3o distribu\u00eddos aos Vereadores para discuss\u00e3o na ordem do dia;</p>\r\n<p style=\"text-align: justify; padding-left: 30px; \">VII - O autor da emenda destacada, o autor do destaque e o relator da emenda poder\u00e3o encaminhar a vota\u00e7\u00e3o durante cinco (05) minutos cada um, al\u00e9m de um Vereador de cada bancada;</p>\r\n<p style=\"text-align: justify; padding-left: 30px; \">VIII - N\u00e3o ser\u00e3o objeto de delibera\u00e7\u00e3o as emendas que:</p>\r\n<p style=\"text-align: justify; padding-left: 60px; \"><strong>a)</strong> aumentem a despesa prevista, em projetos de iniciativa exclusiva do Prefeito;</p>\r\n<p style=\"text-align: justify; padding-left: 60px; \"><strong>b)</strong> sejam incompat\u00edveis com o plano plurianual e com a lei de diretrizes or\u00e7ament\u00e1rias;</p>\r\n<p style=\"text-align: justify; padding-left: 60px; \"><strong>c)</strong> n\u00e3o indiquem os recursos necess\u00e1rios, admitidos apenas as provid\u00eancias de redu\u00e7\u00e3o ou anula\u00e7\u00e3o de despesa, exclu\u00eddas as mencionadas na Constitui\u00e7\u00e3o Federal;</p>\r\n<p style=\"text-align: justify; padding-left: 60px; \"><strong>d)</strong> em rela\u00e7\u00e3o ao projeto de diretrizes or\u00e7ament\u00e1rias. sejam incompat\u00edveis com o plano plurianual;</p>\r\n<p style=\"text-align: justify; padding-left: 30px; \">IX - Impreterivelmente, at\u00e9 o dia 30 de novembro ser\u00e1 encaminhado o projeto ao Executivo, na forma deliberada.</p>\r\n<p style=\"text-align: justify; \">\u00a0</p>\r\n<p style=\"text-align: justify; \"><b>Art. 156.\u00a0 </b>O disposto neste artigo aplica-se, no que couber, \u00e0 elabora\u00e7\u00e3o do plano plurianual e \u00e0 lei de diretrizes or\u00e7ament\u00e1rias.</p>\r\n<p style=\"text-align: justify; \">\u00a0</p>\r\n<p class=\" \" style=\"text-align: center; \">SE\u00c7\u00c3O II</p>\r\n<p align=\"center\" class=\" \" style=\"text-align: center; \"><strong>Da Tomada de Contas</strong></p>\r\n<p style=\"text-align: justify; \"><b>\u00a0</b></p>\r\n<p style=\"text-align: justify; \"><b>Art. 157.\u00a0 </b>Recebidas pela C\u00e2mara as contas do Prefeito, ser\u00e3o elas enviadas ao Tribunal de Contas do Estado, nos termos da Constitui\u00e7\u00e3o Federal, para parecer pr\u00e9vio.</p>\r\n<p style=\"text-align: justify; \">\u00a0</p>\r\n<p style=\"text-align: justify; \"><b>Art. 158. </b>Recebido o parecer pr\u00e9vio, este e as contas ser\u00e3o enviadas ao exame de comiss\u00e3o permanente, que elaborar\u00e1 projeto de decreto legislativo, a ser votado pelo plen\u00e1rio dentro de sessenta (60) dias ap\u00f3s o parecer do Tribunal de Contas.</p>\r\n<p style=\"text-align: justify; padding-left: 30px; \"><b>\u00a7 1\u00ba </b><span>C\u00f3pia do parecer pr\u00e9vio e do projeto de decreto legislativo ser\u00e3o enviados aos Vereadores, sendo permitido a estes acompanharem os trabalhos da Comiss\u00e3o.</span></p>\r\n<p style=\"text-align: justify; padding-left: 30px; \"><b>\u00a7 2\u00ba </b><span>Para orientar o seu trabalho, a Comiss\u00e3o poder\u00e1 requisitar informa\u00e7\u00f5es complementares ao Prefeito e vistoriar obras e servi\u00e7os.</span></p>\r\n<p style=\"text-align: justify; \">\u00a0</p>\r\n<p style=\"text-align: justify; \"><b>Art. 159. </b>O projeto de decreto legislativo ser\u00e1 submetido \u00e0 discuss\u00e3o \u00fanica, ap\u00f3s a qual se proceder\u00e1 \u00e0 vota\u00e7\u00e3o.</p>\r\n<p style=\"text-align: justify; padding-left: 30px; \"><b>Par\u00e1grafo \u00fanico. </b><span>S\u00f3 por decis\u00e3o de dois ter\u00e7os (2/3) dos membros da C\u00e2mara deixar\u00e1 de prevalecer o parecer pr\u00e9vio do Tribunal de Contas.</span></p>\r\n<p style=\"text-align: justify; \">\u00a0</p>\r\n<p style=\"text-align: justify; \"><b>Art. 160. </b>A C\u00e2mara enviar\u00e1 ao Tribunal de Contas do Estado c\u00f3pia do decreto legislativo que aprovou ou rejeitou as contas do Prefeito.</p>\r\n<p style=\"text-align: justify; padding-left: 30px; \"><b>\u00a7 1\u00ba </b><span>Rejeitadas as contas, ser\u00e3o imediatamente remetidas ao Minist\u00e9rio P\u00fablico, com as raz\u00f5es da rejei\u00e7\u00e3o, para os fins de direito.</span></p>\r\n<p style=\"text-align: justify; padding-left: 30px; \"><b>\u00a7 2\u00ba </b><span>No caso de rejei\u00e7\u00e3o, ser\u00e3o tamb\u00e9m enviadas ao Tribunal de Contas do Estado c\u00f3pia dos pareceres.</span></p>\r\n<p style=\"text-align: justify; padding-left: 30px; \"><b>\u00a7 3\u00ba </b><span>Se a C\u00e2mara Municipal n\u00e3o se manifestar sobre as contas de um exerc\u00edcio at\u00e9 o t\u00e9rmino do exerc\u00edcio subseq\u00fcente, por falta de parecer pr\u00e9vio, o Presidente da C\u00e2mara oficiar\u00e1 ao Tribunal de Contas da Uni\u00e3o, comunicando o fato.</span></p>\r\n<p class=\" \" style=\"text-align: center; \">\u00a0</p>\r\n<p class=\" \" style=\"text-align: center; \">SE\u00c7\u00c3O III</p>\r\n<p align=\"center\" class=\" \" style=\"text-align: center; \"><b>Dos Projetos de Codifica\u00e7\u00e3o</b></p>\r\n<p style=\"text-align: justify; \"><b>\u00a0</b></p>\r\n<p style=\"text-align: justify; \"><b>Art. 161.\u00a0 </b>Os projetos de c\u00f3digos, consolida\u00e7\u00f5es e estatutos, depois de apresentados em plen\u00e1rio, ser\u00e3o distribu\u00eddos por c\u00f3pia aos Vereadores e encaminhados a exame de comiss\u00e3o permanente.</p>\r\n<p style=\"text-align: justify; padding-left: 30px; \"><b>\u00a7 1\u00ba </b><span>Durante o prazo de dez (10) dias, poder\u00e3o os Vereadores encaminhar-se \u00e0 comiss\u00e3o emendas e sugest\u00f5es.</span></p>\r\n<p style=\"text-align: justify; padding-left: 30px; \"><b>\u00a7 2\u00ba </b><span>A comiss\u00e3o, esgotado o prazo de apresenta\u00e7\u00e3o de emendas, dar\u00e1 parecer, dentro de dezoito (18) dias, inclusive sobre as emendas.</span></p>\r\n<p style=\"text-align: justify; padding-left: 30px; \"><b>\u00a7 3\u00ba </b><span>Decorrido o prazo, ou antes, se a comiss\u00e3o julgar conveniente, o projeto ser\u00e1 inclu\u00eddo na ordem do dia.</span></p>\r\n<p align=\"center\" style=\"text-align: justify; \"><b>\u00a0</b></p>\r\n<p class=\" \" style=\"text-align: center; \">SE\u00c7\u00c3O IV</p>\r\n<p align=\"center\" class=\" \" style=\"text-align: center; \"><b>Da Cassa\u00e7\u00e3o do Mandato do Prefeito</b></p>\r\n<p style=\"text-align: justify; \">\u00a0</p>\r\n<p style=\"text-align: justify; \"><b>Art. 162. </b>O processo de cassa\u00e7\u00e3o de mandato do Prefeito pela C\u00e2mara Municipal, por infra\u00e7\u00f5es pol\u00edtico-administrativas definidas no Decreto 201/67 e na Lei Org\u00e2nica, obedecer\u00e1 ao seguinte rito, se outro n\u00e3o for estabelecido pela legisla\u00e7\u00e3o do Estado:</p>\r\n<p style=\"text-align: justify; padding-left: 30px; \">I - A den\u00fancia escrita da infra\u00e7\u00e3o poder\u00e1 ser feita por qualquer eleitor, com a exposi\u00e7\u00e3o dos fatos e a indica\u00e7\u00e3o das provas. Se o denunciante for Vereador, ficar\u00e1 impedido de voltar sobre a den\u00fancia e de integrar a Comiss\u00e3o processante, podendo, todavia, praticar todos os atos de acusa\u00e7\u00e3o. Se o denunciante for o Presidente da C\u00e2mara, passar\u00e1 a Presid\u00eancia ao substituto legal, para os atos do processo, e s\u00f3 votar\u00e1 se necess\u00e1rio para completar o <i>quorum</i> de julgamento. Ser\u00e1 convocado o suplente do Vereador impedido de votar, o qual n\u00e3o poder\u00e1 integrar a Comiss\u00e3o processante.</p>\r\n<p style=\"text-align: justify; padding-left: 30px; \">II - De posse da den\u00fancia, o Presidente da C\u00e2mara, na primeira sess\u00e3o, determinar\u00e1 sua leitura e consultar\u00e1 a C\u00e2mara sobre o seu recebimento. Decidido o recebimento, pelo voto da maioria dos presentes, na mesma sess\u00e3o ser\u00e1 constitu\u00edda a Comiss\u00e3o processante, com tr\u00eas Vereadores sorteados entre os desimpedidos, os quais eleger\u00e3o, desde logo, o Presidente e o Relator.</p>\r\n<p style=\"text-align: justify; padding-left: 30px; \">III - Recebendo o processo, o Presidente da Comiss\u00e3o iniciar\u00e1 os trabalhos, dentro em cinco (5) dias, notificando o denunciado, com a remessa de c\u00f3pia da den\u00fancia e documentos que a instru\u00edrem, para que, no prazo de dez\u00a0 (10) dias, apresente defesa pr\u00e9via, por escrito, indique as provas que pretender produzir e arrole testemunhas, at\u00e9 o m\u00e1ximo de dez. Se estiver ausente do Munic\u00edpio, a notifica\u00e7\u00e3o far-se-\u00e1 por edital, publicado duas vezes, no \u00f3rg\u00e3o oficial, com intervalo de tr\u00eas dias, pelo menos, contado o prazo da primeira publica\u00e7\u00e3o. Decorrido o prazo de defesa, a Comiss\u00e3o processante emitir\u00e1 parecer dentro em cinco (5) dias, opinando pelo prosseguimento ou arquivamento da den\u00fancia, o qual, neste caso, ser\u00e1 submetido ao Plen\u00e1rio. Se a Comiss\u00e3o opinar pelo prosseguimento, o Presidente designar\u00e1 desde logo, o in\u00edcio da instru\u00e7\u00e3o, e determinar\u00e1 os atos, dilig\u00eancias e audi\u00eancias que se fizerem necess\u00e1rios, para o depoimento do denunciado e inquiri\u00e7\u00e3o das testemunhas.</p>\r\n<p style=\"text-align: justify; padding-left: 30px; \">IV - O denunciado dever\u00e1 ser intimado de todos os atos do processo, pessoalmente, ou na pessoa de seu procurador, com a anteced\u00eancia, pelo menos, de vinte e quatro (24) horas, sendo lhe permitido assistir as dilig\u00eancias e audi\u00eancias, bem como formular perguntas e reperguntas \u00e0s testemunhas e requerer o que for de interesse da defesa.</p>\r\n<p style=\"text-align: justify; padding-left: 30px; \">V - Conclu\u00edda a instru\u00e7\u00e3o, ser\u00e1 aberta vista do processo ao denunciado, para raz\u00f5es escritas, no prazo de cinco (5) dias, e ap\u00f3s, a Comiss\u00e3o processante emitir\u00e1 parecer final, pela proced\u00eancia ou improced\u00eancia da acusa\u00e7\u00e3o, e solicitar\u00e1 ao Presidente da C\u00e2mara, a convoca\u00e7\u00e3o de sess\u00e3o para julgamento. Na sess\u00e3o de julgamento, o processo ser\u00e1 lido, integralmente, e, a seguir, os Vereadores que o desejarem poder\u00e3o manifestar-se verbalmente, pelo tempo m\u00e1ximo de quinze (15) minutos cada um, e, ao final, o denunciado, ou seu procurador, ter\u00e1 o prazo m\u00e1ximo de duas horas, para produzir sua defesa oral.</p>\r\n<p style=\"text-align: justify; padding-left: 30px; \">VI - Conclu\u00edda a defesa, proceder-se-\u00e1 a tantas vota\u00e7\u00f5es nominais, quantas forem as infra\u00e7\u00f5es articuladas na den\u00fancia. Considerar-se-\u00e1 afastado, definitivamente, do cargo, o denunciado que for declarado pelo voto de dois ter\u00e7os (2/3), pelo menos, dos membros da C\u00e2mara, em curso de qualquer das infra\u00e7\u00f5es especificadas na den\u00fancia. Conclu\u00eddo o julgamento, o Presidente da C\u00e2mara proclamar\u00e1 imediatamente o resultado e far\u00e1 lavrar ata que consigne a vota\u00e7\u00e3o nominal sobre cada infra\u00e7\u00e3o, e, se houver condena\u00e7\u00e3o, expedir\u00e1 o competente decreto legislativo de cassa\u00e7\u00e3o do mandato de Prefeito. Se o resultado da vota\u00e7\u00e3o for absolut\u00f3rio, o Presidente determinar\u00e1 o arquivamento do processo. Em qualquer dos casos, o Presidente da C\u00e2mara comunicar\u00e1 \u00e0 Justi\u00e7a Eleitoral o resultado.</p>\r\n<p style=\"text-align: justify; padding-left: 30px; \">VII - O processo, a que se refere este artigo, dever\u00e1 estar conclu\u00eddo dentro em noventa (90) dias, contados da data em que se efetivar a notifica\u00e7\u00e3o do acusado. Transcorrido o prazo sem o julgamento, o processo ser\u00e1 arquivado, sem preju\u00edzo de nova den\u00fancia ainda que sobre os mesmos fatos.</p>\r\n<p style=\"text-align: justify; \">\u00a0</p>\r\n<p class=\" \" style=\"text-align: center; \">SE\u00c7\u00c3O V</p>\r\n<p align=\"center\" class=\" \" style=\"text-align: center; \"><b>Da Cria\u00e7\u00e3o de Cargos na C\u00e2mara</b></p>\r\n<p style=\"text-align: justify; \">\u00a0</p>\r\n<p style=\"text-align: justify; \"><b>Art. 163. </b>As Resolu\u00e7\u00f5es ou as Leis de cria\u00e7\u00e3o de cargos na C\u00e2mara Municipal s\u00f3 ser\u00e3o consideradas aprovadas se obtiverem o voto da maioria simples e desde que prevista na Lei de Diretrizes Or\u00e7ament\u00e1rias e houver pr\u00e9via dota\u00e7\u00e3o or\u00e7ament\u00e1ria.</p>\r\n<p style=\"text-align: justify; \">\u00a0</p>\r\n<p class=\" \" style=\"text-align: center; \">SE\u00c7\u00c3O VI</p>\r\n<p align=\"center\" class=\" \" style=\"text-align: center; \"><b>Das Emendas \u00e0 Lei Org\u00e2nica</b></p>\r\n<p style=\"text-align: justify; \"><b>\u00a0</b></p>\r\n<p style=\"text-align: justify; \"><b>Art. 164. </b>A Lei Org\u00e2nica poder\u00e1 ser emendada mediante proposta:</p>\r\n<p style=\"text-align: justify; padding-left: 60px; \">I - de um ter\u00e7o (1/3) da C\u00e2mara Municipal;</p>\r\n<p style=\"text-align: justify; padding-left: 60px; \">II - do Prefeito Municipal;</p>\r\n<p style=\"text-align: justify; padding-left: 60px; \">III - iniciativa popular.</p>\r\n<p style=\"text-align: justify; padding-left: 30px; \"><b>\u00a7 1\u00ba </b><span>Em qualquer dos casos, a proposta ser\u00e1 discutida e votada em duas sess\u00f5es com interst\u00edcio de 10 dias no m\u00ednimo, e havida por aprovada quando obtiver, em ambas as vota\u00e7\u00f5es, a maioria de dois ter\u00e7os.</span></p>\r\n<p style=\"text-align: justify; padding-left: 30px; \"><b>\u00a7 2\u00ba </b><span>A emenda \u00e0 Lei Org\u00e2nica ser\u00e1 promulgada pela Mesa da C\u00e2mara Municipal, com o respectivo n\u00famero de ordem.</span></p>\r\n<p style=\"text-align: justify; padding-left: 30px; \">\u00a0</p>\r\n<p style=\"text-align: justify; \"><b>Art. 165. </b>O projeto de emenda \u00e0 Lei Org\u00e2nica ser\u00e1 lido no expediente, distribu\u00eddo por c\u00f3pia aos Vereadores e encaminhado \u00e0 comiss\u00e3o especial designada pelo Presidente, nos termos deste Regimento.</p>\r\n<p style=\"text-align: justify; padding-left: 30px; \"><b>\u00a7 1\u00ba </b><span>A comiss\u00e3o ter\u00e1 o prazo de dez (10) dias \u00fateis para apresentar parecer, que poder\u00e1 concluir por substitutivo.</span></p>\r\n<p style=\"text-align: justify; padding-left: 30px; \"><b>\u00a7 2\u00ba </b><span>Durante os cinco (05) primeiros dias de que trata este artigo, qualquer vereador poder\u00e1 apresentar emenda ao projeto, no \u00e2mbito da comiss\u00e3o.</span></p>\r\n<p style=\"text-align: justify; padding-left: 30px; \"><b>\u00a7 3\u00ba </b><span>Esgotado o prazo para apresenta\u00e7\u00e3o de parecer, o projeto de emenda \u00e0 Lei Org\u00e2nica, com as emendas ou substitutivo aprovados pela comiss\u00e3o, ser\u00e1 encaminhado ao plen\u00e1rio e submetido \u00e0 1\u00aa discuss\u00e3o e vota\u00e7\u00e3o.</span></p>\r\n<p style=\"text-align: justify; padding-left: 30px; \"><b>\u00a7 4\u00ba </b><span>A mat\u00e9ria aprovada em 1\u00aa vota\u00e7\u00e3o ser\u00e1 enviada \u00e0 2\u00aa discuss\u00e3o e vota\u00e7\u00e3o, durante as quais n\u00e3o poder\u00e3o ser apresentadas emendas.</span></p>\r\n<p style=\"text-align: justify; \">\u00a0</p>\r\n<p class=\" \" style=\"text-align: center; \">SE\u00c7\u00c3O VII</p>\r\n<p class=\" \" style=\"text-align: center; \"><strong>Da Altera\u00e7\u00e3o do Regimento Interno</strong></p>\r\n<p style=\"text-align: justify; \"><b>\u00a0</b></p>\r\n<p style=\"text-align: justify; \"><b>Art. 166.\u00a0 </b>Este Regimento s\u00f3 poder\u00e1 ser alterado por proposta da Mesa de um ter\u00e7o (1/3) dos Vereadores, no m\u00ednimo, atrav\u00e9s de projeto de resolu\u00e7\u00e3o.</p>\r\n<p style=\"text-align: justify; padding-left: 30px; \"><b>\u00a7 1\u00ba </b><span>O projeto ser\u00e1 lido no expediente, distribu\u00eddo por c\u00f3pia aos Vereadores e encaminhado \u00e0 comiss\u00e3o especial, designada pelo Presidente nos termos deste Regimento.</span></p>\r\n<p style=\"text-align: justify; padding-left: 30px; \"><b>\u00a7 2\u00ba </b><span>Dentro do prazo de dez (10) dias \u00fateis, a comiss\u00e3o apresentar\u00e1 parecer, que poder\u00e1 concluir por substitutivo.</span></p>\r\n<p style=\"text-align: justify; padding-left: 30px; \"><b>\u00a7 3\u00ba </b><span>Durante tr\u00eas (03) dias \u00fateis, qualquer Vereador poder\u00e1 encaminhar \u00e0 comiss\u00e3o emenda ao projeto.</span></p>\r\n<p style=\"text-align: justify; padding-left: 30px; \"><b>\u00a7 4\u00ba </b><span>Esgotado o prazo para apresenta\u00e7\u00e3o de parecer o projeto de resolu\u00e7\u00e3o ser\u00e1 inclu\u00eddo na ordem do dia da sess\u00e3o seguinte, para discuss\u00e3o, durante as quais n\u00e3o poder\u00e3o ser apresentadas emendas.</span></p>\r\n<p style=\"text-align: justify; \">\u00a0</p>\r\n<p class=\" \" style=\"text-align: center; \">T\u00cdTULO VII</p>\r\n<p align=\"center\" class=\" \" style=\"text-align: center; \"><b>Disposi\u00e7\u00f5es Gerais</b></p>\r\n<p align=\"center\" class=\" \" style=\"text-align: center; \"><b>\u00a0</b></p>\r\n<p class=\" \" style=\"text-align: center; \">CAP\u00cdTULO I</p>\r\n<p align=\"center\" class=\" \" style=\"text-align: center; \"><b>Da Convoca\u00e7\u00e3o Extraordin\u00e1ria da C\u00e2mara</b></p>\r\n<p style=\"text-align: justify; \"><b>\u00a0</b></p>\r\n<p style=\"text-align: justify; \"><b>Art. 167. </b>A C\u00e2mara, durante o per\u00edodo de recesso, poder\u00e1 ser convocada extraordinariamente pelo Prefeito, pela Comiss\u00e3o Representativa ou pela maioria dos seus membros, quando houver mat\u00e9ria de interesse p\u00fablico relevante e urgente.</p>\r\n<p style=\"text-align: justify; padding-left: 30px; \"><b>\u00a7 1\u00ba </b><span>O ato de convoca\u00e7\u00e3o indicar\u00e1 o prazo de dura\u00e7\u00e3o da sess\u00e3o legislativa extraordin\u00e1ria e a mat\u00e9ria a ser apreciada.</span></p>\r\n<p style=\"text-align: justify; padding-left: 30px; \"><b>\u00a7 2\u00ba </b><span>Reunida em reuni\u00e3o legislativa extraordin\u00e1ria, na forma deste artigo, a C\u00e2mara deliberar\u00e1 exclusivamente sobre a mat\u00e9ria objeto da convoca\u00e7\u00e3o.</span></p>\r\n<p style=\"text-align: justify; \">\u00a0</p>\r\n<p class=\" \" style=\"text-align: center; \">CAP\u00cdTULO II</p>\r\n<p align=\"center\" class=\" \" style=\"text-align: center; \"><b>Do Comparecimento do Prefeito</b></p>\r\n<p align=\"center\" style=\"text-align: justify; \"><b>\u00a0</b></p>\r\n<p style=\"text-align: justify; \"><b>Art. 168. </b>O Prefeito poder\u00e1 comparecer espontaneamente \u00e0 C\u00e2mara para prestar esclarecimentos, ap\u00f3s entendimentos com o Presidente, que designar\u00e1 dia e hora para receb\u00ea-lo.</p>\r\n<p style=\"text-align: justify; \">\u00a0</p>\r\n<p style=\"text-align: justify; \"><b>Art. 169. </b>Na sess\u00e3o a que comparecer, o Prefeito far\u00e1 inicialmente exposi\u00e7\u00e3o sobre as quest\u00f5es do tem\u00e1rio que lho foi proposto ou que tenha escolhido, apresentando a seguir os esclarecimentos complementares que forem solicitados pelos Vereadores, na forma regimental.</p>\r\n<p style=\"text-align: justify; padding-left: 30px; \"><b>\u00a7 1\u00ba </b><span>Durante a exposi\u00e7\u00e3o do Prefeito n\u00e3o ser\u00e3o permitidos apartes, quest\u00f5es estranhas ao tem\u00e1rio previamente fixado, coment\u00e1rios ou divaga\u00e7\u00f5es sobre a mat\u00e9ria, cabendo ao Presidente zelar para que as perguntas sejam pertinentes, concretas e sucintas.</span></p>\r\n<p style=\"text-align: justify; padding-left: 30px; \"><b>\u00a7 2\u00ba </b><span>O Prefeito poder\u00e1 fazer-se acompanhar de assessores.</span></p>\r\n<p style=\"text-align: justify; padding-left: 30px; \"><b>\u00a7 3\u00ba </b><span>Os prazos para exposi\u00e7\u00e3o e interpela\u00e7\u00e3o do Prefeito s\u00e3o os constantes do Cap\u00edtulo III deste T\u00edtulo.</span></p>\r\n<p align=\"center\" style=\"text-align: justify; \"><b>\u00a0</b></p>\r\n<p align=\"center\">CAP\u00cdTULO III</p>\r\n<p align=\"center\" style=\"text-align: center; \"><b>Da Convoca\u00e7\u00e3o de Secret\u00e1rios Municipais, Diretores de Autarquias\u00a0</b><b>ou de \u00f3rg\u00e3os equivalentes</b></p>\r\n<p style=\"text-align: justify; \"><b>\u00a0</b></p>\r\n<p style=\"text-align: justify; \"><b>Art. 170.\u00a0 </b>O Secret\u00e1rio Municipal ou Diretor de Autarquia ou de \u00f3rg\u00e3o equivalente poder\u00e1 ser convocado pela C\u00e2mara Municipal ou por comiss\u00e3o para prestar informa\u00e7\u00f5es sobre assunto administrativo de sua responsabilidade.</p>\r\n<p style=\"text-align: justify; padding-left: 30px; \"><b>Par\u00e1grafo \u00fanico. </b><span>A convoca\u00e7\u00e3o ser\u00e1 comunicada ao Prefeito pelo Presidente, mediante of\u00edcio, com indica\u00e7\u00e3o precisa e clara das quest\u00f5es a serem respondidas ou da mat\u00e9ria em estudo em comiss\u00e3o.</span></p>\r\n<p style=\"text-align: justify; \">\u00a0</p>\r\n<p style=\"text-align: justify; \"><b>Art. 171. </b>Quando a convoca\u00e7\u00e3o se fizer para esclarecimento em plen\u00e1rio o convocado atender\u00e1 a convoca\u00e7\u00e3o no prazo de (20) dias \u00fateis, comunicando dia e hora de seu comparecimento com no m\u00ednimo tr\u00eas dias de anteced\u00eancia.</p>\r\n<p style=\"text-align: justify; padding-left: 30px; \"><b>\u00a7 1\u00ba </b><span>O convocado ter\u00e1 o prazo de uma hora para fazer sua exposi\u00e7\u00e3o, atendo-se exclusivamente ao assunto da convoca\u00e7\u00e3o.</span></p>\r\n<p style=\"text-align: justify; padding-left: 30px; \"><b>\u00a7 2\u00ba </b><span>Conclu\u00edda a exposi\u00e7\u00e3o, responder\u00e1 ao tem\u00e1rio objeto da convoca\u00e7\u00e3o, iniciando-se a interpela\u00e7\u00e3o pelos Vereadores, observada a ordem dos itens formulados e, para cada item, a ordem de inscri\u00e7\u00e3o dos Vereadores, assegurada sempre a prefer\u00eancia ao autor do item em debate.</span></p>\r\n<p style=\"text-align: justify; padding-left: 30px; \"><b>\u00a7 3\u00ba</b><span> O Vereador ter\u00e1 dez (10) minutos para formular perguntas sobre o tem\u00e1rio, exclu\u00eddo o tempo das respostas que poder\u00e3o ser dada uma a uma ou, ao final, a todas.</span></p>\r\n<p style=\"text-align: justify; padding-left: 30px; \"><b>\u00a7 4\u00ba </b><span>As perguntas dever\u00e3o ser objetivas e sucintas, sendo vedado qualquer coment\u00e1rio posterior, na mesma sess\u00e3o.</span></p>\r\n<p style=\"text-align: justify; \">\u00a0</p>\r\n<p style=\"text-align: justify; \"><b>Art. 172.\u00a0 </b>O Secret\u00e1rio Municipal, ou Diretor de autarquia ou de \u00f3rg\u00e3o equivalente poder\u00e1 comparecer espontaneamente \u00e0 C\u00e2mara ou a comiss\u00e3o para prestar esclarecimentos, ap\u00f3s entendimentos com o Presidente, que marcar\u00e1 dia e hora para receb\u00ea-lo, aplicando-se, no que couber, as normas do artigo anterior.</p>\r\n<p style=\"text-align: justify; \">\u00a0</p>\r\n<p class=\" \" style=\"text-align: center; \">T\u00cdTULO VIII</p>\r\n<p align=\"center\" class=\" \" style=\"text-align: center; \"><b>Disposi\u00e7\u00f5es Finais</b></p>\r\n<p align=\"center\" style=\"text-align: justify; \"><b>\u00a0</b></p>\r\n<p style=\"text-align: justify; \"><b>Art. 173. </b>Este Regimento Interno aprovada pela C\u00e2mara Municipal e assinada por todos os Vereadores que comp\u00f5em a Mesa Diretora, entra em vigor na data de sua publica\u00e7\u00e3o.</p>\r\n<p style=\"text-align: justify; \">\u00a0</p>\r\n<p style=\"text-align: justify; \"><b>C\u00e2mara Municipal de Vereadores de Pinto Bandeira</b>, aos quinze dias do m\u00eas de janeiro do ano de dois mil e treze.</p>", "author_name": "rubbo", "version": "1.0", "author_url": "https://www.pintobandeira.rs.leg.br/author/rubbo", "provider_name": "C\u00e2mara Municipal de Pinto Bandeira - RS", "type": "rich"}